[{"@context":"https:\/\/schema.org\/","@type":"Blog","@id":"https:\/\/www.alisen.cz#Blog","headline":"Alisen","description":"\nNe v\u017edycky se m\u00e1me tak dob\u0159e, jak bychom si to p\u0159\u00e1li. A kdy\u017e chceme, abychom se m\u011bli l\u00edp, vyplat\u00ed se zam\u00ed\u0159it na tento web, kter\u00fd n\u00e1m nab\u00edz\u00ed \u017e\u00e1douc\u00ed pomoc.","url":"https:\/\/www.alisen.cz","hasPart":[{"@type":"Article","@id":"https:\/\/www.alisen.cz\/soucasti-bazenoveho-prislusenstvi-jsou-i-bazenove-vysavace\/","headline":"Sou\u010d\u00e1st\u00ed baz\u00e9nov\u00e9ho p\u0159\u00edslu\u0161enstv\u00ed jsou i baz\u00e9nov\u00e9 vysava\u010de","url":"https:\/\/www.alisen.cz\/soucasti-bazenoveho-prislusenstvi-jsou-i-bazenove-vysavace\/","datePublished":"2025-11-16","dateModified":"2025-11-16","mainEntityOfPage":"https:\/\/www.alisen.cz\/soucasti-bazenoveho-prislusenstvi-jsou-i-bazenove-vysavace\/","author":{"@type":"Person","@id":"https:\/\/www.alisen.cz\/author\/#Person","name":"","url":"https:\/\/www.alisen.cz\/author\/","identifier":1,"image":{"@type":"ImageObject","@id":"https:\/\/secure.gravatar.com\/avatar\/d7705a23c50ede72936119380238a88bdeb91030521f9262dc3abc6fdd8add33?s=96&d=mm&r=g","url":"https:\/\/secure.gravatar.com\/avatar\/d7705a23c50ede72936119380238a88bdeb91030521f9262dc3abc6fdd8add33?s=96&d=mm&r=g","height":96,"width":96}},"publisher":{"@type":"Organization","name":"alisen.cz","logo":{"@type":"ImageObject","@id":"\/logo.png","url":"\/logo.png","width":600,"height":60}},"image":{"@type":"ImageObject","@id":"https:\/\/www.alisen.cz\/wp-content\/uploads\/pool-617197_640_10_3.jpg","url":"https:\/\/www.alisen.cz\/wp-content\/uploads\/pool-617197_640_10_3.jpg","height":0,"width":0},"wordCount":562,"keywords":null},{"@type":"Article","@id":"https:\/\/www.alisen.cz\/kaficko-po-ranu\/","headline":"Kaf\u00ed\u010dko po r\u00e1nu","url":"https:\/\/www.alisen.cz\/kaficko-po-ranu\/","datePublished":"2025-06-07","dateModified":"2025-06-07","mainEntityOfPage":"https:\/\/www.alisen.cz\/kaficko-po-ranu\/","author":{"@type":"Person","@id":"https:\/\/www.alisen.cz\/author\/#Person","name":"","url":"https:\/\/www.alisen.cz\/author\/","identifier":1,"image":{"@type":"ImageObject","@id":"https:\/\/secure.gravatar.com\/avatar\/d7705a23c50ede72936119380238a88bdeb91030521f9262dc3abc6fdd8add33?s=96&d=mm&r=g","url":"https:\/\/secure.gravatar.com\/avatar\/d7705a23c50ede72936119380238a88bdeb91030521f9262dc3abc6fdd8add33?s=96&d=mm&r=g","height":96,"width":96}},"publisher":{"@type":"Organization","name":"alisen.cz","logo":{"@type":"ImageObject","@id":"\/logo.png","url":"\/logo.png","width":600,"height":60}},"image":{"@type":"ImageObject","@id":"https:\/\/www.alisen.cz\/wp-content\/uploads\/cappuccino-756490_640_2.jpg","url":"https:\/\/www.alisen.cz\/wp-content\/uploads\/cappuccino-756490_640_2.jpg","height":0,"width":0},"wordCount":551,"keywords":null},{"@type":"Article","@id":"https:\/\/www.alisen.cz\/oprava-vodovodu\/","headline":"Oprava vodovodu","url":"https:\/\/www.alisen.cz\/oprava-vodovodu\/","datePublished":"2025-04-27","dateModified":"2025-04-27","mainEntityOfPage":"https:\/\/www.alisen.cz\/oprava-vodovodu\/","author":{"@type":"Person","@id":"https:\/\/www.alisen.cz\/author\/#Person","name":"","url":"https:\/\/www.alisen.cz\/author\/","identifier":1,"image":{"@type":"ImageObject","@id":"https:\/\/secure.gravatar.com\/avatar\/d7705a23c50ede72936119380238a88bdeb91030521f9262dc3abc6fdd8add33?s=96&d=mm&r=g","url":"https:\/\/secure.gravatar.com\/avatar\/d7705a23c50ede72936119380238a88bdeb91030521f9262dc3abc6fdd8add33?s=96&d=mm&r=g","height":96,"width":96}},"publisher":{"@type":"Organization","name":"alisen.cz","logo":{"@type":"ImageObject","@id":"\/logo.png","url":"\/logo.png","width":600,"height":60}},"image":null,"wordCount":255,"keywords":null},{"@type":"Article","@id":"https:\/\/www.alisen.cz\/perfektni-volba-pro-vase-zaclony\/","headline":"Perfektn\u00ed volba pro va\u0161e z\u00e1clony","url":"https:\/\/www.alisen.cz\/perfektni-volba-pro-vase-zaclony\/","datePublished":"2025-04-19","dateModified":"2025-04-19","mainEntityOfPage":"https:\/\/www.alisen.cz\/perfektni-volba-pro-vase-zaclony\/","author":{"@type":"Person","@id":"https:\/\/www.alisen.cz\/author\/#Person","name":"","url":"https:\/\/www.alisen.cz\/author\/","identifier":1,"image":{"@type":"ImageObject","@id":"https:\/\/secure.gravatar.com\/avatar\/d7705a23c50ede72936119380238a88bdeb91030521f9262dc3abc6fdd8add33?s=96&d=mm&r=g","url":"https:\/\/secure.gravatar.com\/avatar\/d7705a23c50ede72936119380238a88bdeb91030521f9262dc3abc6fdd8add33?s=96&d=mm&r=g","height":96,"width":96}},"publisher":{"@type":"Organization","name":"alisen.cz","logo":{"@type":"ImageObject","@id":"\/logo.png","url":"\/logo.png","width":600,"height":60}},"image":null,"wordCount":209,"keywords":null},{"@type":"Article","@id":"https:\/\/www.alisen.cz\/darky-ktere-potesi\/","headline":"D\u00e1rky, kter\u00e9 pot\u011b\u0161\u00ed","url":"https:\/\/www.alisen.cz\/darky-ktere-potesi\/","datePublished":"2025-04-14","dateModified":"2025-04-14","mainEntityOfPage":"https:\/\/www.alisen.cz\/darky-ktere-potesi\/","author":{"@type":"Person","@id":"https:\/\/www.alisen.cz\/author\/#Person","name":"","url":"https:\/\/www.alisen.cz\/author\/","identifier":1,"image":{"@type":"ImageObject","@id":"https:\/\/secure.gravatar.com\/avatar\/d7705a23c50ede72936119380238a88bdeb91030521f9262dc3abc6fdd8add33?s=96&d=mm&r=g","url":"https:\/\/secure.gravatar.com\/avatar\/d7705a23c50ede72936119380238a88bdeb91030521f9262dc3abc6fdd8add33?s=96&d=mm&r=g","height":96,"width":96}},"publisher":{"@type":"Organization","name":"alisen.cz","logo":{"@type":"ImageObject","@id":"\/logo.png","url":"\/logo.png","width":600,"height":60}},"image":{"@type":"ImageObject","@id":"https:\/\/www.alisen.cz\/wp-content\/uploads\/ball-point-pen-2099187_640_2.jpg","url":"https:\/\/www.alisen.cz\/wp-content\/uploads\/ball-point-pen-2099187_640_2.jpg","height":0,"width":0},"wordCount":532,"keywords":null},{"@type":"Article","@id":"https:\/\/www.alisen.cz\/regaly-na-vas-cekaji\/","headline":"Reg\u00e1ly na v\u00e1s \u010dekaj\u00ed","url":"https:\/\/www.alisen.cz\/regaly-na-vas-cekaji\/","datePublished":"2025-04-14","dateModified":"2025-04-14","mainEntityOfPage":"https:\/\/www.alisen.cz\/regaly-na-vas-cekaji\/","author":{"@type":"Person","@id":"https:\/\/www.alisen.cz\/author\/#Person","name":"","url":"https:\/\/www.alisen.cz\/author\/","identifier":1,"image":{"@type":"ImageObject","@id":"https:\/\/secure.gravatar.com\/avatar\/d7705a23c50ede72936119380238a88bdeb91030521f9262dc3abc6fdd8add33?s=96&d=mm&r=g","url":"https:\/\/secure.gravatar.com\/avatar\/d7705a23c50ede72936119380238a88bdeb91030521f9262dc3abc6fdd8add33?s=96&d=mm&r=g","height":96,"width":96}},"publisher":{"@type":"Organization","name":"alisen.cz","logo":{"@type":"ImageObject","@id":"\/logo.png","url":"\/logo.png","width":600,"height":60}},"image":null,"wordCount":230,"keywords":null},{"@type":"Article","@id":"https:\/\/www.alisen.cz\/spolehlive-diare-pro-vas-jednodussi-zivot\/","headline":"Spolehliv\u00e9 di\u00e1\u0159e pro v\u00e1\u0161 jednodu\u0161\u0161\u00ed \u017eivot","url":"https:\/\/www.alisen.cz\/spolehlive-diare-pro-vas-jednodussi-zivot\/","datePublished":"2025-04-05","dateModified":"2025-04-05","mainEntityOfPage":"https:\/\/www.alisen.cz\/spolehlive-diare-pro-vas-jednodussi-zivot\/","author":{"@type":"Person","@id":"https:\/\/www.alisen.cz\/author\/#Person","name":"","url":"https:\/\/www.alisen.cz\/author\/","identifier":1,"image":{"@type":"ImageObject","@id":"https:\/\/secure.gravatar.com\/avatar\/d7705a23c50ede72936119380238a88bdeb91030521f9262dc3abc6fdd8add33?s=96&d=mm&r=g","url":"https:\/\/secure.gravatar.com\/avatar\/d7705a23c50ede72936119380238a88bdeb91030521f9262dc3abc6fdd8add33?s=96&d=mm&r=g","height":96,"width":96}},"publisher":{"@type":"Organization","name":"alisen.cz","logo":{"@type":"ImageObject","@id":"\/logo.png","url":"\/logo.png","width":600,"height":60}},"image":null,"wordCount":445,"keywords":null},{"@type":"Article","@id":"https:\/\/www.alisen.cz\/elektronicke-cigarety\/","headline":"Elektronick\u00e9 cigarety","url":"https:\/\/www.alisen.cz\/elektronicke-cigarety\/","datePublished":"2025-03-28","dateModified":"2025-03-28","mainEntityOfPage":"https:\/\/www.alisen.cz\/elektronicke-cigarety\/","author":{"@type":"Person","@id":"https:\/\/www.alisen.cz\/author\/#Person","name":"","url":"https:\/\/www.alisen.cz\/author\/","identifier":1,"image":{"@type":"ImageObject","@id":"https:\/\/secure.gravatar.com\/avatar\/d7705a23c50ede72936119380238a88bdeb91030521f9262dc3abc6fdd8add33?s=96&d=mm&r=g","url":"https:\/\/secure.gravatar.com\/avatar\/d7705a23c50ede72936119380238a88bdeb91030521f9262dc3abc6fdd8add33?s=96&d=mm&r=g","height":96,"width":96}},"publisher":{"@type":"Organization","name":"alisen.cz","logo":{"@type":"ImageObject","@id":"\/logo.png","url":"\/logo.png","width":600,"height":60}},"image":null,"wordCount":222,"keywords":null},{"@type":"Article","@id":"https:\/\/www.alisen.cz\/pokud-se-chcete-skvele-vyspat-poridte-si-postel-na-miru\/","headline":"Pokud se chcete skv\u011ble vyspat, po\u0159i\u010fte si postel na m\u00edru","url":"https:\/\/www.alisen.cz\/pokud-se-chcete-skvele-vyspat-poridte-si-postel-na-miru\/","datePublished":"2025-03-18","dateModified":"2025-03-18","mainEntityOfPage":"https:\/\/www.alisen.cz\/pokud-se-chcete-skvele-vyspat-poridte-si-postel-na-miru\/","author":{"@type":"Person","@id":"https:\/\/www.alisen.cz\/author\/#Person","name":"","url":"https:\/\/www.alisen.cz\/author\/","identifier":1,"image":{"@type":"ImageObject","@id":"https:\/\/secure.gravatar.com\/avatar\/d7705a23c50ede72936119380238a88bdeb91030521f9262dc3abc6fdd8add33?s=96&d=mm&r=g","url":"https:\/\/secure.gravatar.com\/avatar\/d7705a23c50ede72936119380238a88bdeb91030521f9262dc3abc6fdd8add33?s=96&d=mm&r=g","height":96,"width":96}},"publisher":{"@type":"Organization","name":"alisen.cz","logo":{"@type":"ImageObject","@id":"\/logo.png","url":"\/logo.png","width":600,"height":60}},"image":null,"wordCount":300,"keywords":null},{"@type":"Article","@id":"https:\/\/www.alisen.cz\/zalozeni-sro\/","headline":"Zalo\u017een\u00ed sro","url":"https:\/\/www.alisen.cz\/zalozeni-sro\/","datePublished":"2025-03-10","dateModified":"2025-03-10","mainEntityOfPage":"https:\/\/www.alisen.cz\/zalozeni-sro\/","author":{"@type":"Person","@id":"https:\/\/www.alisen.cz\/author\/#Person","name":"","url":"https:\/\/www.alisen.cz\/author\/","identifier":1,"image":{"@type":"ImageObject","@id":"https:\/\/secure.gravatar.com\/avatar\/d7705a23c50ede72936119380238a88bdeb91030521f9262dc3abc6fdd8add33?s=96&d=mm&r=g","url":"https:\/\/secure.gravatar.com\/avatar\/d7705a23c50ede72936119380238a88bdeb91030521f9262dc3abc6fdd8add33?s=96&d=mm&r=g","height":96,"width":96}},"publisher":{"@type":"Organization","name":"alisen.cz","logo":{"@type":"ImageObject","@id":"\/logo.png","url":"\/logo.png","width":600,"height":60}},"image":null,"wordCount":250,"keywords":null}]},{"@context":"https:\/\/schema.org","@type":"WebSite","@id":"https:\/\/www.alisen.cz\/#website","name":"Alisen","url":"https:\/\/www.alisen.cz","potentialAction":{"@type":"SearchAction","target":"https:\/\/www.alisen.cz\/?s={search_term_string}","query-input":"required name=search_term_string"}}]