[{"@context":"https:\/\/schema.org\/","@type":"Article","@id":"https:\/\/www.alisen.cz\/cestuji-i-pro-zabavu\/#Article","mainEntityOfPage":"https:\/\/www.alisen.cz\/cestuji-i-pro-zabavu\/","headline":"Cestuji i pro z\u00e1bavu","name":"Cestuji i pro z\u00e1bavu","description":"V\u00a0\u017eivot\u011b u\u017e jsem sjezdil sv\u011bta kraj. A je\u0161t\u011b toho najezd\u00edm habad\u011bj, pokud se nestane n\u011bco, co nep\u0159edpokl\u00e1d\u00e1m. A zat\u00edmco jsem v\u00a0n\u011bkter\u00fdch p\u0159\u00edpadech cestoval ne zrovna r\u00e1d, p\u0159\u00edpadn\u011b vysloven\u011b nerad, jindy tom bylo p\u0159esn\u011b naopak. Ono toti\u017e z\u00e1le\u017e\u00ed i na tom, jak se cestuje a kam se cestuje. P\u0159es t\u0159i desetilet\u00ed u\u017e doj\u00ed\u017ed\u00edm do pr\u00e1ce. A [&hellip;]","datePublished":"2023-12-08","dateModified":"2023-12-08","author":{"@type":"Person","@id":"https:\/\/www.alisen.cz\/author\/#Person","name":"","url":"https:\/\/www.alisen.cz\/author\/","identifier":1,"image":{"@type":"ImageObject","@id":"https:\/\/secure.gravatar.com\/avatar\/d7705a23c50ede72936119380238a88bdeb91030521f9262dc3abc6fdd8add33?s=96&d=mm&r=g","url":"https:\/\/secure.gravatar.com\/avatar\/d7705a23c50ede72936119380238a88bdeb91030521f9262dc3abc6fdd8add33?s=96&d=mm&r=g","height":96,"width":96}},"publisher":{"@type":"Organization","name":"alisen.cz","logo":{"@type":"ImageObject","@id":"\/logo.png","url":"\/logo.png","width":600,"height":60}},"image":{"@type":"ImageObject","@id":"https:\/\/www.alisen.cz\/wp-content\/uploads\/l_10_10_4.jpg","url":"https:\/\/www.alisen.cz\/wp-content\/uploads\/l_10_10_4.jpg","height":0,"width":0},"url":"https:\/\/www.alisen.cz\/cestuji-i-pro-zabavu\/","about":["Hobby"],"wordCount":457,"articleBody":"V\u00a0\u017eivot\u011b u\u017e jsem sjezdil sv\u011bta kraj. A je\u0161t\u011b toho najezd\u00edm habad\u011bj, pokud se nestane n\u011bco, co nep\u0159edpokl\u00e1d\u00e1m. A zat\u00edmco jsem v\u00a0n\u011bkter\u00fdch p\u0159\u00edpadech cestoval ne zrovna r\u00e1d, p\u0159\u00edpadn\u011b vysloven\u011b nerad, jindy tom bylo p\u0159esn\u011b naopak. Ono toti\u017e z\u00e1le\u017e\u00ed i na tom, jak se cestuje a kam se cestuje.P\u0159es t\u0159i desetilet\u00ed u\u017e doj\u00ed\u017ed\u00edm do pr\u00e1ce. A p\u0159edt\u00edm jsem pochopiteln\u011b je\u0161t\u011b roky doj\u00ed\u017ed\u011bl do \u0161koly, nap\u0159ed t\u00e9 st\u0159edn\u00ed a pak t\u00e9 vysok\u00e9. A je jasn\u00e9, \u017ee v\u00a0takov\u00fdch p\u0159\u00edpadech nejde o cestov\u00e1n\u00ed radostn\u00e9. A kdyby to \u0161lo, o\u017eelel bych to. A t\u011b\u0161\u00edm se tak\u00e9 na chv\u00edle, kdy to po odchodu do penze budu moci o\u017eelet. Nechce se mi toti\u017e ani po\u010d\u00edtat, kolik jsem toho v\u00a0autobusech, respektive vlac\u00edch, prosed\u011bl, ale bylo to hodn\u011b. Asi jako kdybych jednou objel zem\u011bkouli po rovn\u00edku.Ale je naopak i cestov\u00e1n\u00ed, kter\u00e9 se stalo m\u00fdm kon\u00ed\u010dkem. To je ale to, j\u00edm\u017e se neputuje za prac\u00ed, n\u00fdbr\u017e za pozn\u00e1n\u00edm a z\u00e1bavou. Ale navzdory tomu, \u017ee jsem z\u00a0tohoto d\u016fvodu urazil daleko v\u011bt\u0161\u00ed vzd\u00e1lenost ne\u017e do pr\u00e1ce nebo \u0161koly, jsem tu toho zase nenacestoval tolik, aby mne to za\u010dalo unavovat nebo p\u0159estalo bavit. A tak se t\u011b\u0161\u00edm, \u017ee a\u017e odejdu do zm\u00edn\u011bn\u00e9ho d\u016fchodu, za\u010dnu v\u00edc jezdit pr\u00e1v\u011b za z\u00e1bavou a pozn\u00e1n\u00edm. A snad p\u0159id\u00e1m je\u0161t\u011b hodn\u011b kilometr\u016f k\u00a0tomu asi p\u016flmilionu nal\u00e9tan\u00fdch kilometr\u016f. Proto\u017ee cesty za odpo\u010dinkem jsou m\u00fdm kon\u00ed\u010dkem. A kon\u00ed\u010dky um\u00ed pot\u011b\u0161it. A v\u00edm, \u017ee nepot\u011b\u0161\u00edm \u0161karohl\u00eddy, ale j\u00e1 jsem si um\u011bl na\u0161et\u0159it a odpracovat dost na to, abych m\u011bl i slu\u0161n\u00fd d\u016fchod, tak\u017ee si to budu moci i nad\u00e1le dovolit.A kam polet\u00edm, a\u017e budu v\u00a0penzi a budu na to tedy m\u00edt \u010das? To se je\u0161t\u011b uvid\u00ed. Mimo jin\u00e9 to z\u00e1vis\u00ed i na tom, co tou dobou je\u0161t\u011b vydr\u017e\u00ed moje t\u011blesn\u00e1 schr\u00e1nka. Ale ur\u010dit\u011b by nem\u011bla chyb\u011bt Ji\u017en\u00ed Afrika. Proto\u017ee u t\u00e9 mi daj\u00ed cestou tam i zp\u011bt v\u00a0letadlech n\u011bkolikr\u00e1t velice dob\u0159e naj\u00edst, a i v\u00a0t\u00e9 zemi samotn\u00e9 m\u011b maj\u00ed lid\u00e9 r\u00e1di. A j\u00e1 m\u00e1m r\u00e1d je. A u\u017e\u00edv\u00e1m si to tam, v\u00a0\u010dem\u017e mi tam nikdo nebr\u00e1n\u00ed. A takov\u00e9 maj\u00ed kon\u00ed\u010dky b\u00fdt.                                                                                                                                                                                                                                                                                                                                                                                        3.7\/5 - (8 votes)        "},{"@context":"https:\/\/schema.org\/","@type":"BreadcrumbList","itemListElement":[{"@type":"ListItem","position":1,"name":"Cestuji i pro z\u00e1bavu","item":"https:\/\/www.alisen.cz\/cestuji-i-pro-zabavu\/#breadcrumbitem"}]}]