[{"@context":"https:\/\/schema.org\/","@type":"Article","@id":"https:\/\/www.alisen.cz\/chcete-si-poradne-popracovat\/#Article","mainEntityOfPage":"https:\/\/www.alisen.cz\/chcete-si-poradne-popracovat\/","headline":"Chcete si po\u0159\u00e1dn\u011b popracovat?","name":"Chcete si po\u0159\u00e1dn\u011b popracovat?","description":"M\u00e1te r\u00e1di tvrdou d\u0159inu, kterou si m\u016f\u017eete u\u017e\u00edvat ve sv\u00e9 soukrom\u00e9 d\u00edln\u011b, anebo pracujete v kolektivu, a tak je pro v\u00e1s d\u016fle\u017eit\u00e9, aby m\u011bl ka\u017ed\u00fd p\u0159\u00edstup k tomu nejlep\u0161\u00edmu? Pokud v\u00e1m jde o kvalitn\u00ed vybaven\u00ed, pak pr\u00e1v\u011b u n\u00e1s si najdete v\u0161echno to, co by v\u00e1m mohlo chyb\u011bt. Nev\u00e1hejte proto, pokud chcete va\u0161e n\u00e1stroje, \u010di [&hellip;]","datePublished":"2025-01-23","dateModified":"2025-01-23","author":{"@type":"Person","@id":"https:\/\/www.alisen.cz\/author\/#Person","name":"","url":"https:\/\/www.alisen.cz\/author\/","identifier":1,"image":{"@type":"ImageObject","@id":"https:\/\/secure.gravatar.com\/avatar\/d7705a23c50ede72936119380238a88bdeb91030521f9262dc3abc6fdd8add33?s=96&d=mm&r=g","url":"https:\/\/secure.gravatar.com\/avatar\/d7705a23c50ede72936119380238a88bdeb91030521f9262dc3abc6fdd8add33?s=96&d=mm&r=g","height":96,"width":96}},"publisher":{"@type":"Organization","name":"alisen.cz","logo":{"@type":"ImageObject","@id":"\/logo.png","url":"\/logo.png","width":600,"height":60}},"url":"https:\/\/www.alisen.cz\/chcete-si-poradne-popracovat\/","wordCount":197,"articleBody":"M\u00e1te r\u00e1di tvrdou d\u0159inu, kterou si m\u016f\u017eete u\u017e\u00edvat ve sv\u00e9 soukrom\u00e9 d\u00edln\u011b, anebo pracujete v kolektivu, a tak je pro v\u00e1s d\u016fle\u017eit\u00e9, aby m\u011bl ka\u017ed\u00fd p\u0159\u00edstup k tomu nejlep\u0161\u00edmu? Pokud v\u00e1m jde o kvalitn\u00ed vybaven\u00ed, pak pr\u00e1v\u011b u n\u00e1s si najdete v\u0161echno to, co by v\u00e1m mohlo chyb\u011bt. Nev\u00e1hejte proto, pokud chcete va\u0161e n\u00e1stroje, \u010di n\u00e1bytek vym\u011bnit za lep\u0161\u00ed, nebo si po\u0159\u00edd\u00ed v\u0161e nov\u00e9, na\u0161e nab\u00eddka d\u00edlensk\u00e9ho vybaven\u00ed v\u00e1m toti\u017e v\u0161e dovol\u00ed ud\u011blat nejlep\u0161\u00edm.Nic v\u00e1m nebude chyb\u011btCo v\u00edc si tak p\u0159\u00e1t, ne\u017e m\u00edt kone\u010dn\u011b mo\u017enost, jak za\u010d\u00edt na novo, a l\u00e9pe? My v\u00e1m takovou mo\u017enost nab\u00edz\u00edme, a tak jedin\u00e9, co byste m\u011bli ud\u011blat, je ji vyu\u017e\u00edt. Budete nad\u0161eni, jak\u00e9 v\u0161echny mo\u017enosti budete m\u00edt s na\u0161imi produkty, kter\u00e9 se \u0159ad\u00ed, co se t\u00fd\u010de kvality, k tomu lep\u0161\u00edmu pr\u016fm\u011bru, \u010di dokonce k tomu \u0161pi\u010dkov\u00e9mu.                                                                                                                                                                                                                                                                                                                                                                                        3.7\/5 - (4 votes)        "},{"@context":"https:\/\/schema.org\/","@type":"BreadcrumbList","itemListElement":[{"@type":"ListItem","position":1,"name":"Chcete si po\u0159\u00e1dn\u011b popracovat?","item":"https:\/\/www.alisen.cz\/chcete-si-poradne-popracovat\/#breadcrumbitem"}]}]