[{"@context":"https:\/\/schema.org\/","@type":"Article","@id":"https:\/\/www.alisen.cz\/dilenske-stoly\/#Article","mainEntityOfPage":"https:\/\/www.alisen.cz\/dilenske-stoly\/","headline":"D\u00edlensk\u00e9 stoly","name":"D\u00edlensk\u00e9 stoly","description":"Vzhledem k sympatick\u00fdm cen\u00e1m, kter\u00e9 jsou uvedeny za po\u0159\u00edzen\u00ed produkt\u016f, jimi\u017e jsou d\u00edlensk\u00e9 stoly, nejsou ze strany prodejce kladeny \u017e\u00e1dn\u00e9 p\u0159ek\u00e1\u017eky k tomu, aby si z\u00e1jemce konkr\u00e9tn\u00ed produkt po\u0159\u00eddil. Ob\u010das nen\u00ed na \u0161kodu zastavit se a kompletn\u011b zrevidovat st\u00e1vaj\u00edc\u00ed za\u0159\u00edzen\u00ed Va\u0161\u00ed d\u00edlny. Dom\u00e1c\u00edm kutil\u016fm i zrak\u016fm provozovatel\u016f laborato\u0159\u00ed, oprav\u00e1rensk\u00fdch d\u00edlen i dal\u0161\u00edch profesion\u00e1ln\u00edch pracovi\u0161\u0165 je [&hellip;]","datePublished":"2025-01-02","dateModified":"2025-01-02","author":{"@type":"Person","@id":"https:\/\/www.alisen.cz\/author\/#Person","name":"","url":"https:\/\/www.alisen.cz\/author\/","identifier":1,"image":{"@type":"ImageObject","@id":"https:\/\/secure.gravatar.com\/avatar\/d7705a23c50ede72936119380238a88bdeb91030521f9262dc3abc6fdd8add33?s=96&d=mm&r=g","url":"https:\/\/secure.gravatar.com\/avatar\/d7705a23c50ede72936119380238a88bdeb91030521f9262dc3abc6fdd8add33?s=96&d=mm&r=g","height":96,"width":96}},"publisher":{"@type":"Organization","name":"alisen.cz","logo":{"@type":"ImageObject","@id":"\/logo.png","url":"\/logo.png","width":600,"height":60}},"url":"https:\/\/www.alisen.cz\/dilenske-stoly\/","wordCount":180,"articleBody":" Vzhledem k sympatick\u00fdm cen\u00e1m, kter\u00e9 jsou uvedeny za po\u0159\u00edzen\u00ed produkt\u016f, jimi\u017e jsou d\u00edlensk\u00e9 stoly, nejsou ze strany prodejce kladeny \u017e\u00e1dn\u00e9 p\u0159ek\u00e1\u017eky k tomu, aby si z\u00e1jemce konkr\u00e9tn\u00ed produkt po\u0159\u00eddil. Ob\u010das nen\u00ed na \u0161kodu zastavit se a kompletn\u011b zrevidovat st\u00e1vaj\u00edc\u00ed za\u0159\u00edzen\u00ed Va\u0161\u00ed d\u00edlny. Dom\u00e1c\u00edm kutil\u016fm i zrak\u016fm provozovatel\u016f laborato\u0159\u00ed, oprav\u00e1rensk\u00fdch d\u00edlen i dal\u0161\u00edch profesion\u00e1ln\u00edch pracovi\u0161\u0165 je ur\u010dena reprezentativn\u00ed nab\u00eddka, na jej\u00edm\u017e vrcholu stoj\u00ed kvalitn\u00ed d\u00edlensk\u00e9 stoly, kter\u00e9 jsou z\u00e1rukou dostatku prostoru pro v\u00fdkon pr\u00e1ce. Takt\u00e9\u017e reg\u00e1ly, z\u00e1suvky a dal\u0161\u00ed p\u0159\u00edslu\u0161enstv\u00ed se pod\u00edlej\u00ed na napl\u0148ov\u00e1n\u00ed produktivity pr\u00e1ce pozitivn\u00edm sm\u011brem. Rozhodn\u011bte se pro ide\u00e1ln\u00ed \u0159e\u0161en\u00ed Seznamte se s kolekc\u00ed, je\u017e obsahuje d\u00edlensk\u00e9 stoly, kter\u00e9 v dobr\u00e9m smyslu udivuj\u00ed stabiln\u00edmi konstrukcemi a dokonale upraven\u00fdmi povrchy, kter\u00e9 mohou st\u00e1t na za\u010d\u00e1tku ide\u00e1ln\u00edho v\u00fdvoje perspektivy Va\u0161eho profesion\u00e1ln\u00edho \u017eivota.                                                                                                                                                                                                                                                                                                                                                                                        4.5\/5 - (2 votes)        "},{"@context":"https:\/\/schema.org\/","@type":"BreadcrumbList","itemListElement":[{"@type":"ListItem","position":1,"name":"D\u00edlensk\u00e9 stoly","item":"https:\/\/www.alisen.cz\/dilenske-stoly\/#breadcrumbitem"}]}]