[{"@context":"https:\/\/schema.org\/","@type":"Article","@id":"https:\/\/www.alisen.cz\/jak-to-mit-u-sebe-krasne\/#Article","mainEntityOfPage":"https:\/\/www.alisen.cz\/jak-to-mit-u-sebe-krasne\/","headline":"Jak to m\u00edt u sebe kr\u00e1sn\u00e9?","name":"Jak to m\u00edt u sebe kr\u00e1sn\u00e9?","description":"Nikdy nem\u016f\u017ee u\u0161kodit, kdy\u017e si to tam, kde \u017eijeme, ud\u011bl\u00e1me o n\u011bco kr\u00e1sn\u011bj\u0161\u00ed. Pokud v\u00edm, je\u0161t\u011b nikdy nikomu neu\u0161kodilo, \u017ee si nam\u00edsto \u017eivota mezi f\u00e1dn\u00edmi \u010dty\u0159mi st\u011bnami sv\u00e9ho bytu nebo pracovi\u0161t\u011b vybral \u017eivot v prostoru, kter\u00fd vypadal daleko l\u00e9pe. A kdy\u017e se nad t\u00edm zamysl\u00edme, \u010dasto z\u00e1hy pochop\u00edme, \u017ee ono zp\u0159\u00edjemn\u011bn\u00ed si sv\u00e9ho \u017eivotn\u00edho prostoru [&hellip;]","datePublished":"2024-08-29","dateModified":"2024-08-29","author":{"@type":"Person","@id":"https:\/\/www.alisen.cz\/author\/#Person","name":"","url":"https:\/\/www.alisen.cz\/author\/","identifier":1,"image":{"@type":"ImageObject","@id":"https:\/\/secure.gravatar.com\/avatar\/d7705a23c50ede72936119380238a88bdeb91030521f9262dc3abc6fdd8add33?s=96&d=mm&r=g","url":"https:\/\/secure.gravatar.com\/avatar\/d7705a23c50ede72936119380238a88bdeb91030521f9262dc3abc6fdd8add33?s=96&d=mm&r=g","height":96,"width":96}},"publisher":{"@type":"Organization","name":"alisen.cz","logo":{"@type":"ImageObject","@id":"\/logo.png","url":"\/logo.png","width":600,"height":60}},"image":{"@type":"ImageObject","@id":"https:\/\/www.alisen.cz\/wp-content\/uploads\/k1_3.jpg","url":"https:\/\/www.alisen.cz\/wp-content\/uploads\/k1_3.jpg","height":0,"width":0},"url":"https:\/\/www.alisen.cz\/jak-to-mit-u-sebe-krasne\/","about":["Nakupov\u00e1n\u00ed"],"wordCount":430,"articleBody":"    Nikdy nem\u016f\u017ee u\u0161kodit, kdy\u017e si to tam, kde \u017eijeme, ud\u011bl\u00e1me o n\u011bco kr\u00e1sn\u011bj\u0161\u00ed. Pokud v\u00edm, je\u0161t\u011b nikdy nikomu neu\u0161kodilo, \u017ee si nam\u00edsto \u017eivota mezi f\u00e1dn\u00edmi \u010dty\u0159mi st\u011bnami sv\u00e9ho bytu nebo pracovi\u0161t\u011b vybral \u017eivot v prostoru, kter\u00fd vypadal daleko l\u00e9pe. A kdy\u017e se nad t\u00edm zamysl\u00edme, \u010dasto z\u00e1hy pochop\u00edme, \u017ee ono zp\u0159\u00edjemn\u011bn\u00ed si sv\u00e9ho \u017eivotn\u00edho prostoru neznamen\u00e1 jenom sehn\u00e1n\u00ed n\u011bjak\u00e9ho toho n\u00e1bytku, koberce, elektroniky a podobn\u011b. V\u00fdznamn\u00fd vliv na na\u0161e vn\u00edm\u00e1n\u00ed okoln\u00edho prost\u0159ed\u00ed mohou m\u00edt i dal\u0161\u00ed v\u00fdrobky, ty, kter\u00e9 vznikaj\u00ed t\u0159eba i vysloven\u011b jenom proto, aby se n\u00e1m l\u00edbily. Ne v\u0161echno p\u0159ece mus\u00ed plnit i ur\u010ditou praktickou \u00falohu. I skute\u010dnost, \u017ee se n\u00e1m n\u011bco l\u00edb\u00ed, m\u00e1 sv\u016fj v\u00fdznam.  A tak si kupujeme ozdobn\u00e9 \u010di dekorativn\u00ed p\u0159edm\u011bty, kter\u00e9 n\u00e1s mohou polaskat na du\u0161i. Ale nemus\u00edme si je samoz\u0159ejm\u011b jenom kupovat. Pokud chceme, m\u016f\u017eeme si n\u011bco naaran\u017eovat i sami pro sebe. Dnes u\u017e na tom p\u0159ece nic nen\u00ed. \u017de se v\u00e1m nechce trm\u00e1cet n\u011bkam za m\u011bsto, abyste si natrhali n\u011bjak\u00e9 kv\u011btiny na louce? \u017de se v\u00e1m nechce j\u00edt a\u017e n\u011bkam do lesa, abyste si tam na\u0161li dal\u0161\u00ed materi\u00e1l, ze kter\u00e9ho byste pak mohli d\u00edky sv\u00e9 fantazii a kreativit\u011b n\u011bco vytvo\u0159it? Pak se tak daleko skute\u010dn\u011b trm\u00e1cet nemus\u00edte. A nemus\u00edte ani sn\u00e1\u0161et mo\u017en\u00e9 \u00fatrapy, kter\u00e9 byste b\u011bhem takov\u00fdch cest mohli za\u017e\u00edt. Pokud se chcete v\u011bnovat dekorativn\u00edm \u010dinnostem, m\u016f\u017eete si v\u0161e pot\u0159ebn\u00e9 pro tento \u00fa\u010del tak\u00e9 koupit. V\u0161echno je k sehn\u00e1n\u00ed a nab\u00edz\u00ed se tu dokonce \u0161ir\u0161\u00ed sortiment ne\u017e to, co byste mo\u017en\u00e1 u v\u00e1s v okol\u00ed nasb\u00edrali.  Takov\u00e9 floristick\u00e9 pot\u0159eby se u\u017e dnes prost\u011b daj\u00ed koupit velice snadno a je tu hodn\u011b na v\u00fdb\u011br. A a\u0165 v\u00e1s zaujme stabilizovan\u00e1 r\u016f\u017ee nebo cokoliv jin\u00e9, m\u016f\u017eete to m\u00edt. A m\u016f\u017eete se i sami postarat o to, aby to u v\u00e1s vypadalo p\u0159\u00edmo skv\u011ble. Tak, \u017ee v\u00e1m to budou v\u0161ichni z\u00e1vid\u011bt. A kdekdo k v\u00e1m bude chodit r\u00e1d na n\u00e1v\u0161t\u011bvu, jenom aby si podobnou kr\u00e1su tak\u00e9 u\u017eil.                                                                                                                                                                                                                                                                                                                                                                                          4.8\/5 - (5 votes)        "},{"@context":"https:\/\/schema.org\/","@type":"BreadcrumbList","itemListElement":[{"@type":"ListItem","position":1,"name":"Jak to m\u00edt u sebe kr\u00e1sn\u00e9?","item":"https:\/\/www.alisen.cz\/jak-to-mit-u-sebe-krasne\/#breadcrumbitem"}]}]