[{"@context":"https:\/\/schema.org\/","@type":"Article","@id":"https:\/\/www.alisen.cz\/koleckove-brusle\/#Article","mainEntityOfPage":"https:\/\/www.alisen.cz\/koleckove-brusle\/","headline":"Kole\u010dkov\u00e9 brusle","name":"Kole\u010dkov\u00e9 brusle","description":"V\u017edycky jsem r\u00e1da sportovala. Nejv\u00edce m\u011b bavilo j\u00edzda na kole\u010dkov\u00fdch brusl\u00edch, proto\u017ee za m\u00e9ho d\u011btstv\u00ed byla velmi popul\u00e1rn\u00ed. Pamatuji si, kdy\u017e jsme je\u0161t\u011b bydleli ve star\u00e9m dom\u011b s rodi\u010di a sourozenci. To se je\u0161t\u011b na\u0161e rodi\u010de neh\u00e1dali, a je\u0161t\u011b se ani nerozvedli, bohu\u017eel \u010dasem se sto stalo, rodi\u010de si p\u0159estali rozum\u011bt a ne\u0161t\u011bst\u00ed bylo bohu\u017eel [&hellip;]","datePublished":"2022-07-20","dateModified":"2022-07-20","author":{"@type":"Person","@id":"https:\/\/www.alisen.cz\/author\/#Person","name":"","url":"https:\/\/www.alisen.cz\/author\/","identifier":1,"image":{"@type":"ImageObject","@id":"https:\/\/secure.gravatar.com\/avatar\/d7705a23c50ede72936119380238a88bdeb91030521f9262dc3abc6fdd8add33?s=96&d=mm&r=g","url":"https:\/\/secure.gravatar.com\/avatar\/d7705a23c50ede72936119380238a88bdeb91030521f9262dc3abc6fdd8add33?s=96&d=mm&r=g","height":96,"width":96}},"publisher":{"@type":"Organization","name":"alisen.cz","logo":{"@type":"ImageObject","@id":"\/logo.png","url":"\/logo.png","width":600,"height":60}},"image":{"@type":"ImageObject","@id":"https:\/\/www.alisen.cz\/wp-content\/uploads\/roller-skates-381216_960_720_1.jpg","url":"https:\/\/www.alisen.cz\/wp-content\/uploads\/roller-skates-381216_960_720_1.jpg","height":0,"width":0},"url":"https:\/\/www.alisen.cz\/koleckove-brusle\/","about":["Sport"],"wordCount":448,"articleBody":"V\u017edycky jsem r\u00e1da sportovala. Nejv\u00edce m\u011b bavilo j\u00edzda na kole\u010dkov\u00fdch brusl\u00edch, proto\u017ee za m\u00e9ho d\u011btstv\u00ed byla velmi popul\u00e1rn\u00ed. Pamatuji si, kdy\u017e jsme je\u0161t\u011b bydleli ve star\u00e9m dom\u011b s rodi\u010di a sourozenci. To se je\u0161t\u011b na\u0161e rodi\u010de neh\u00e1dali, a je\u0161t\u011b se ani nerozvedli, bohu\u017eel \u010dasem se sto stalo, rodi\u010de si p\u0159estali rozum\u011bt a ne\u0161t\u011bst\u00ed bylo bohu\u017eel na sv\u011bt\u011b. A to v\u0161echno bylo asi a\u017e po p\u011bti letech, kdy byli man\u017eel\u00e9. Pamatuji si, \u017ee jsem prvn\u00ed kole\u010dkov\u00e9 brusle jsem dostala, kdy\u017e mi bylo asi sedm nebo osm let. A to sam\u00e9 i m\u00ed sourozenci, i kdy\u017e jsou o dva roky mlad\u0161\u00ed. A jeden sourozenci o rok a p\u016fl star\u0161\u00ed ne\u017e j\u00e1. A v\u0161ichni t\u0159i jsme dostali kole\u010dkov\u00e9 brusle.A taky si vzpom\u00edn\u00e1m na to, jak, jsme tehdy nem\u011bli je\u0161t\u011b v\u016fbec \u017e\u00e1dn\u00e9 chr\u00e1ni\u010de a ani helmy. A taky si mysl\u00edm, \u017ee v t\u00e9 dob\u011b snad ani nebyla helma a dal\u0161\u00ed chr\u00e1ni\u010de. Anebo mo\u017en\u00e1 ano, ale na\u0161i rodi\u010de o to moc nedbali. A kdy\u017e tak vzpom\u00edn\u00e1m, tak opravdu \u017e\u00e1dn\u00e9 d\u00edt\u011b z na\u0161\u00ed ulice nikdy nem\u011blo helmu nebo n\u011bjak\u00e9 chr\u00e1ni\u010de. Tak\u017ee si jist\u011b dok\u00e1\u017eete p\u0159edstavit, jak jsme vypadali, kdy\u017e jsme dostali kole\u010dkov\u00e9 brusle. M\u011bla jsem tolikr\u00e1t sed\u0159en\u00e1 kolena, holen\u011b a taky dlan\u011b anebo z\u00e1da, \u017ee bych to m\u011bl spo\u010d\u00edtala. Jenom\u017ee v t\u00e9 dob\u011b se na to asi moc nedalo, proto\u017ee to nikomu nep\u0159i\u0161lo divn\u00e9. Asi po t\u00fddnu jsem se nau\u010dila opravdu skv\u011ble jezdit na brusl\u00edch a po m\u011bs\u00edci jsem jezdila opravdu perfektn\u011b. A s m\u00fdm bratrem, kter\u00fd byl o rok a p\u016fl star\u0161\u00ed ne\u017e j\u00e1, jsme se z\u00fa\u010dastnili tak\u00e9 n\u011bkter\u00fdch sout\u011b\u017e\u00ed a z\u00e1vod\u016f, kter\u00e9 byly na kole\u010dkov\u00fdch brusl\u00edch. Byla jsem r\u00e1da, kdy\u017e bratr vyhr\u00e1l dvakr\u00e1t za sebou prvn\u00ed m\u00edsto a j\u00e1 jsem byla t\u0159et\u00ed. Opravdu n\u00e1s to bavilo a j\u00e1 si \u0159\u00edk\u00e1m, \u017ee je opravdu velk\u00e1 \u0161koda, \u017ee jsme s t\u00edm sekli a v\u016fbec nepokra\u010dovali d\u00e1l. A vy jste n\u011bkdy jezdili na\u00a0kole\u010dkov\u00fdch brusl\u00edch\u00a0nebo jste\u00a0se jich\u00a0b\u00e1li? Pamatuji si toti\u017e na jeden p\u0159\u00edpad, kdy n\u00e1\u0161 kamar\u00e1d se b\u00e1l a necht\u011bl to ani zkusit. Jinak ale m\u011bl sport r\u00e1d, a byl velmi zdatn\u00fd plavec.\u00a0                                                                                                                                                                                                                                                                                                                                                                                        4.2\/5 - (6 votes)        "},{"@context":"https:\/\/schema.org\/","@type":"BreadcrumbList","itemListElement":[{"@type":"ListItem","position":1,"name":"Kole\u010dkov\u00e9 brusle","item":"https:\/\/www.alisen.cz\/koleckove-brusle\/#breadcrumbitem"}]}]