[{"@context":"https:\/\/schema.org\/","@type":"Article","@id":"https:\/\/www.alisen.cz\/lepsi-obaly\/#Article","mainEntityOfPage":"https:\/\/www.alisen.cz\/lepsi-obaly\/","headline":"Lep\u0161\u00ed obaly","name":"Lep\u0161\u00ed obaly","description":"V dne\u0161n\u00ed dob\u011b je skv\u011bl\u00e9, \u017ee vy si vlastn\u011b m\u016f\u017eete vybrat, do \u010deho budete balit. Pamatuji si, kdy\u017e jsem je\u0161t\u011b byla na brig\u00e1d\u011b v \u017eelez\u00e1\u0159stv\u00ed, tam u\u017e jsme tak\u00e9 samoz\u0159ejm\u011b balili r\u016fzn\u00e9 v\u011bci do r\u016fzn\u00fdch obal\u016f a tak\u00e9 se mi l\u00edbilo, \u017ee jsme plastov\u00e9 obaly vym\u011bnili za \u00fapln\u011b jin\u00e9 obaly. M\u011bli jsme kartonov\u00e9 a pap\u00edrov\u00e9 [&hellip;]","datePublished":"2024-06-15","dateModified":"2024-06-15","author":{"@type":"Person","@id":"https:\/\/www.alisen.cz\/author\/#Person","name":"","url":"https:\/\/www.alisen.cz\/author\/","identifier":1,"image":{"@type":"ImageObject","@id":"https:\/\/secure.gravatar.com\/avatar\/d7705a23c50ede72936119380238a88bdeb91030521f9262dc3abc6fdd8add33?s=96&d=mm&r=g","url":"https:\/\/secure.gravatar.com\/avatar\/d7705a23c50ede72936119380238a88bdeb91030521f9262dc3abc6fdd8add33?s=96&d=mm&r=g","height":96,"width":96}},"publisher":{"@type":"Organization","name":"alisen.cz","logo":{"@type":"ImageObject","@id":"\/logo.png","url":"\/logo.png","width":600,"height":60}},"image":{"@type":"ImageObject","@id":"https:\/\/www.alisen.cz\/wp-content\/uploads\/packaging-1062731_960_720.png","url":"https:\/\/www.alisen.cz\/wp-content\/uploads\/packaging-1062731_960_720.png","height":0,"width":0},"url":"https:\/\/www.alisen.cz\/lepsi-obaly\/","about":["Nakupov\u00e1n\u00ed"],"wordCount":409,"articleBody":"   V dne\u0161n\u00ed dob\u011b je skv\u011bl\u00e9, \u017ee vy si vlastn\u011b m\u016f\u017eete vybrat, do \u010deho budete balit. Pamatuji si, kdy\u017e jsem je\u0161t\u011b byla na brig\u00e1d\u011b v \u017eelez\u00e1\u0159stv\u00ed, tam u\u017e jsme tak\u00e9 samoz\u0159ejm\u011b balili r\u016fzn\u00e9 v\u011bci do r\u016fzn\u00fdch obal\u016f a tak\u00e9 se mi l\u00edbilo, \u017ee jsme plastov\u00e9 obaly vym\u011bnili za \u00fapln\u011b jin\u00e9 obaly. M\u011bli jsme kartonov\u00e9 a pap\u00edrov\u00e9 obaly, ob\u010das samoz\u0159ejm\u011b tak\u00e9 to ne\u0161lo jinak, ne\u017e pou\u017e\u00edt igelitov\u00e9 nebo plastov\u00e9 obaly. Taky ale z\u00e1le\u017e\u00ed na tom, jestli va\u0161e obaly jsou ekologick\u00e9. V\u00edce informac\u00ed o ekologick\u00fdch obalech se dozv\u00edte na webov\u00e9 str\u00e1nce balteto.cz. A tady najdete opravdu mnoho d\u016fle\u017eit\u00fdch informac\u00ed a tak\u00e9 strategi\u00ed, jak t\u0159eba na ekologick\u00e9 obaly a podobn\u011b. Nap\u0159\u00edklad j\u00e1 osobn\u011b u\u017e bych si nedok\u00e1zala p\u0159edstavit, \u017ee bychom my v zam\u011bstn\u00e1n\u00ed anebo i doma nem\u011bli ekologick\u00e9 obaly. To znamen\u00e1, \u017ee kdy\u017e n\u00e1hodou budete m\u00edt n\u011bjak\u00e9 plastov\u00e9 obaly, tak to znamen\u00e1, \u017ee to u\u017e bude z recyklovan\u00e9ho materi\u00e1lu a \u017ee se to je\u0161t\u011b d\u00e1le m\u016f\u017ee zrecyklovat. Anebo co je na tom \u0161patn\u00e9ho, kdybyste t\u0159eba n\u011bjak\u00fd s\u00e1\u010dek pou\u017eili dvakr\u00e1t anebo kdybyste si t\u0159eba koupili takov\u00fd obal, t\u0159eba na takovou plastovou krabi\u010dku, kterou budete d\u00e1vat d\u011btem do \u0161koly? A do t\u00e9to mal\u00e9 plastov\u00e9 krabi\u010dky budete d\u00e1vat sva\u010dinu. Tohle je velice ekologick\u00fd obal. Mysl\u00edm si, \u017ee kdy\u017e se po\u0159\u00e1dn\u011b pod\u00edv\u00e1te na webov\u00e9 str\u00e1nky, tak zjist\u00edte, \u017ee je to velice zdrav\u00e9, ekologick\u00e9, a hlavn\u011b tak\u00e9 ekonomick\u00e9, proto\u017ee kdy\u017e koup\u00edte jednu krabi\u010dku na sva\u010diny, tak vlastn\u011b jim vydr\u017e\u00ed klidn\u011b i n\u011bkolik let. Ale kdy\u017e tohle budete d\u00e1vat sva\u010diny do igelitov\u00fdch s\u00e1\u010dk\u016f anebo pytl\u00edk\u016f, tak samoz\u0159ejm\u011b, \u017ee ve v\u011bt\u0161in\u011b p\u0159\u00edpad\u016f to d\u011bti vyhod\u00ed do ko\u0161e, i kdy\u017e logicky by ten s\u00e1\u010dek, ten obal \u0161el vyu\u017e\u00edt i v\u00edcekr\u00e1t. Jenom\u017ee \u0159ekn\u011bte to n\u011bkomu, a hlavn\u011b t\u0159eba d\u011btem v prvn\u00ed t\u0159\u00edd\u011b, v\u011bt\u0161inou to vyhod\u00ed a nebo to n\u011bkde zapomenou. Proto j\u00e1 osobn\u011b d\u00e1v\u00e1m na ekologii a tak\u00e9 se zaj\u00edm\u00e1m o ekonomii. Tak\u017ee ekologick\u00e9 obaly Balteto jsou u m\u011b prvn\u00ed volbou.                                                                                                                                                                                                                                                                                                                                                                                           3.7\/5 - (11 votes)        "},{"@context":"https:\/\/schema.org\/","@type":"BreadcrumbList","itemListElement":[{"@type":"ListItem","position":1,"name":"Lep\u0161\u00ed obaly","item":"https:\/\/www.alisen.cz\/lepsi-obaly\/#breadcrumbitem"}]}]