[{"@context":"https:\/\/schema.org\/","@type":"Article","@id":"https:\/\/www.alisen.cz\/na-leto-idealni\/#Article","mainEntityOfPage":"https:\/\/www.alisen.cz\/na-leto-idealni\/","headline":"Na l\u00e9to ide\u00e1ln\u00ed","name":"Na l\u00e9to ide\u00e1ln\u00ed","description":"Pro n\u011bkoho to m\u016f\u017ee b\u00fdt sice d\u016fvod k \u00fasm\u011bvu, ale faktem je, \u017ee no\u0161en\u00ed podprsenky nen\u00ed v\u017edy p\u0159\u00edjemn\u00e9. Zejm\u00e9na b\u011bhem l\u00e9ta mnoho \u017een trp\u00ed r\u016fzn\u00fdmi ekz\u00e9my a opruzeninami, kter\u00e9 zp\u016fsobuj\u00ed pr\u00e1v\u011b podprsenky. B\u011bhem vysok\u00fdch teplot se pot\u00ed \u00fapln\u011b ka\u017ed\u00fd, tomu se vyhnout ned\u00e1 a ani to nen\u00ed \u017e\u00e1douc\u00ed, proto\u017ee t\u011blo se pomoc\u00ed pocen\u00ed ochlazuje. Proto [&hellip;]","datePublished":"2024-07-12","dateModified":"2024-07-12","author":{"@type":"Person","@id":"https:\/\/www.alisen.cz\/author\/#Person","name":"","url":"https:\/\/www.alisen.cz\/author\/","identifier":1,"image":{"@type":"ImageObject","@id":"https:\/\/secure.gravatar.com\/avatar\/d7705a23c50ede72936119380238a88bdeb91030521f9262dc3abc6fdd8add33?s=96&d=mm&r=g","url":"https:\/\/secure.gravatar.com\/avatar\/d7705a23c50ede72936119380238a88bdeb91030521f9262dc3abc6fdd8add33?s=96&d=mm&r=g","height":96,"width":96}},"publisher":{"@type":"Organization","name":"alisen.cz","logo":{"@type":"ImageObject","@id":"\/logo.png","url":"\/logo.png","width":600,"height":60}},"image":{"@type":"ImageObject","@id":"https:\/\/www.alisen.cz\/wp-content\/uploads\/bra-3873760_640_10_10_10_3.jpg","url":"https:\/\/www.alisen.cz\/wp-content\/uploads\/bra-3873760_640_10_10_10_3.jpg","height":0,"width":0},"url":"https:\/\/www.alisen.cz\/na-leto-idealni\/","about":["Nakupov\u00e1n\u00ed"],"wordCount":396,"articleBody":"        Pro n\u011bkoho to m\u016f\u017ee b\u00fdt sice d\u016fvod k \u00fasm\u011bvu, ale faktem je, \u017ee no\u0161en\u00ed podprsenky nen\u00ed v\u017edy p\u0159\u00edjemn\u00e9. Zejm\u00e9na b\u011bhem l\u00e9ta mnoho \u017een trp\u00ed r\u016fzn\u00fdmi ekz\u00e9my a opruzeninami, kter\u00e9 zp\u016fsobuj\u00ed pr\u00e1v\u011b podprsenky. B\u011bhem vysok\u00fdch teplot se pot\u00ed \u00fapln\u011b ka\u017ed\u00fd, tomu se vyhnout ned\u00e1 a ani to nen\u00ed \u017e\u00e1douc\u00ed, proto\u017ee t\u011blo se pomoc\u00ed pocen\u00ed ochlazuje. Proto je pot\u0159eba nosit podprsenku kter\u00e1 m\u00e1 spr\u00e1vnou velikost, co\u017e ale u v\u011bt\u0161iny \u017een nen\u00ed pravda. Naprost\u00e1 v\u011bt\u0161ina \u017een nos\u00ed \u0161patnou velikost podprsenky, a i proto m\u00e1 tolik \u017een tendence chodit v l\u00e9t\u011b bez podprsenky.Bez opruzenin i bez podprsenky Klasick\u00e1 podprsenka se skl\u00e1d\u00e1 z ko\u0161\u00ed\u010dk\u016f, ram\u00ednek a zadn\u00ed \u010d\u00e1sti se zap\u00edn\u00e1n\u00edm. Existuje n\u011bkolik typ\u016f ko\u0161\u00ed\u010dk\u016f, kter\u00e9 se hod\u00ed t\u0159eba pod hlub\u0161\u00ed v\u00fdst\u0159ihy, nebo existuj\u00ed vyztu\u017een\u00e9 ko\u0161\u00ed\u010dky aby prsa l\u00e9pe dr\u017eela. Je na ka\u017ed\u00e9 \u017een\u011b, aby si sama zvolila, co j\u00ed bude nejv\u00edce vyhovovat. Bohu\u017eel mnoho \u017een nenos\u00ed velikost kter\u00e1 by jim pasovala, a nedok\u00e1\u017eou si ji samy vybrat. Probl\u00e9m je, \u017ee ka\u017ed\u00fd v\u00fdrobce si podprsenky \u010d\u00edsluje po sv\u00e9m. V praxi to znamen\u00e1, \u017ee si koup\u00edte jednu velikost u jednoho v\u00fdrobce, a u druh\u00e9ho v\u00e1m tat\u00e1\u017e velikost bude mal\u00e1 nebo naopak velk\u00e1.Pod mnoho typ\u016f oble\u010den\u00ed se nav\u00edc klasick\u00e1 podprsenka nosit ani ned\u00e1, proto\u017ee je vid\u011bt. Typicky je to u \u0161at\u016f a u \u0161at\u016f na plesy, kdy je ne\u017e\u00e1douc\u00ed vid\u011bt prosvitaj\u00edc\u00ed podprsenku. \u0158e\u0161en\u00edm m\u016f\u017ee b\u00fdt neviditeln\u00e1 samodr\u017e\u00edc\u00ed podprsenka, kter\u00e1 je vyroben\u00e1 ze silikonu a nem\u00e1 ram\u00ednka. V podstat\u011b jsou to jen dva spojen\u00e9 ko\u0161\u00ed\u010dky na p\u0159edn\u00ed stran\u011b, kter\u00e9 dr\u017e\u00ed na t\u011ble samy d\u00edky silikonu.Neviditeln\u00e1 podprsenka dok\u00e1\u017ee podr\u017eet prsa jako ta klasick\u00e1, jen s t\u00edm rozd\u00edlem, \u017ee v\u00e1m nezp\u016fsob\u00ed opruzeniny. Je vhodn\u00e1 na l\u00e9to a pod od\u011bvy, pod kter\u00fdmi se b\u011b\u017en\u00e1 podprsenka ned\u00e1 nosit pr\u00e1v\u011b kv\u016fli tomu, \u017ee by byla vid\u011bt. Pomalu se bl\u00ed\u017e\u00ed plesov\u00e1 sezona, proto si svou neviditelnou podprsenku kupte v\u010das, abyste ji m\u011bla p\u0159ipravenou pod svoje ve\u010dern\u00ed \u0161aty.                                                                                                                                                                                                                                                                                                                                                                                          3.6\/5 - (5 votes)        "},{"@context":"https:\/\/schema.org\/","@type":"BreadcrumbList","itemListElement":[{"@type":"ListItem","position":1,"name":"Na l\u00e9to ide\u00e1ln\u00ed","item":"https:\/\/www.alisen.cz\/na-leto-idealni\/#breadcrumbitem"}]}]