[{"@context":"https:\/\/schema.org\/","@type":"Article","@id":"https:\/\/www.alisen.cz\/na-sazavu-se-bez-plaveckeho-vycviku-vubec-nepoustejte\/#Article","mainEntityOfPage":"https:\/\/www.alisen.cz\/na-sazavu-se-bez-plaveckeho-vycviku-vubec-nepoustejte\/","headline":"Na S\u00e1zavu se bez plaveck\u00e9ho v\u00fdcviku v\u016fbec nepou\u0161t\u011bjte","name":"Na S\u00e1zavu se bez plaveck\u00e9ho v\u00fdcviku v\u016fbec nepou\u0161t\u011bjte","description":"Pl\u00e1nujete vod\u00e1ckou v\u00fdpravu po S\u00e1zav\u011b a zvete na n\u00ed sv\u00e9 p\u0159\u00e1tele, s nimi\u017e byste r\u00e1di tr\u00e1vili voln\u00fd pr\u00e1zdninov\u00fd t\u00fdden? A cht\u011bli byste \u0159eku splouvat od Sv\u011btl\u00e9 nad S\u00e1zavou a\u017e do P\u00edkovic, p\u0159ed soutok s Vltavou? Pak se postarejte o to, aby v\u0161ichni va\u0161i kamar\u00e1di m\u011bli za sebou plaveck\u00fd v\u00fdcvik a um\u011bli v\u00fdborn\u011b plavat. M\u016f\u017eete si [&hellip;]","datePublished":"2024-08-18","dateModified":"2024-08-18","author":{"@type":"Person","@id":"https:\/\/www.alisen.cz\/author\/#Person","name":"","url":"https:\/\/www.alisen.cz\/author\/","identifier":1,"image":{"@type":"ImageObject","@id":"https:\/\/secure.gravatar.com\/avatar\/d7705a23c50ede72936119380238a88bdeb91030521f9262dc3abc6fdd8add33?s=96&d=mm&r=g","url":"https:\/\/secure.gravatar.com\/avatar\/d7705a23c50ede72936119380238a88bdeb91030521f9262dc3abc6fdd8add33?s=96&d=mm&r=g","height":96,"width":96}},"publisher":{"@type":"Organization","name":"alisen.cz","logo":{"@type":"ImageObject","@id":"\/logo.png","url":"\/logo.png","width":600,"height":60}},"image":{"@type":"ImageObject","@id":"https:\/\/www.alisen.cz\/wp-content\/uploads\/sazava-3512430_640_10.jpg","url":"https:\/\/www.alisen.cz\/wp-content\/uploads\/sazava-3512430_640_10.jpg","height":0,"width":0},"url":"https:\/\/www.alisen.cz\/na-sazavu-se-bez-plaveckeho-vycviku-vubec-nepoustejte\/","about":["Byznys"],"wordCount":430,"articleBody":"      Pl\u00e1nujete vod\u00e1ckou v\u00fdpravu po S\u00e1zav\u011b a zvete na n\u00ed sv\u00e9 p\u0159\u00e1tele, s nimi\u017e byste r\u00e1di tr\u00e1vili voln\u00fd pr\u00e1zdninov\u00fd t\u00fdden? A cht\u011bli byste \u0159eku splouvat od Sv\u011btl\u00e9 nad S\u00e1zavou a\u017e do P\u00edkovic, p\u0159ed soutok s Vltavou? Pak se postarejte o to, aby v\u0161ichni va\u0161i kamar\u00e1di m\u011bli za sebou plaveck\u00fd v\u00fdcvik a um\u011bli v\u00fdborn\u011b plavat. M\u016f\u017eete si zajistit i individu\u00e1ln\u00ed v\u00fduku plav\u00e1n\u00ed se zku\u0161en\u00fdm instruktorem, kter\u00fd se postar\u00e1 o to, abyste si poradili s plav\u00e1n\u00edm v obt\u00ed\u017en\u00fdch \u0159\u00ed\u010dn\u00edch \u00fasec\u00edch. \u0158eka S\u00e1zava je sice jednou z na\u0161ich nejkr\u00e1sn\u011bj\u0161\u00edch vodn\u00edch rezervo\u00e1r\u016f, ale m\u00edsty je zr\u00e1dn\u00e1 a mus\u00edte si v\u011bd\u011bt rady, jak si tu po\u010d\u00ednat, a hlavn\u011b mus\u00edte b\u00fdt dobr\u00fdmi plavci.Pod Sv\u011btlou nad S\u00e1zavou naraz\u00edte na jedny z nejkr\u00e1sn\u011bj\u0161\u00edch pe\u0159ej\u00ed v Evrop\u011b, jmenuj\u00ed se Stvo\u0159idla a vod\u00e1ci dob\u0159e v\u00ed, \u017ee je tu \u010dek\u00e1 pr\u016fjezd pom\u011brn\u011b obt\u00ed\u017en\u00fdm ter\u00e9nem, ozna\u010dovan\u00fdm za norm\u00e1ln\u00edho stavu vody jako WW II+. V \u0159\u00ed\u010dn\u00edm korytu se nach\u00e1z\u00ed \u010detn\u00e9 balvany, kter\u00e9 tu tvo\u0159\u00ed vodn\u00ed prahy, v\u00e1lce a stupn\u011b, a p\u0159i p\u0159evr\u017een\u00ed lodi je tu ka\u017ed\u00fd plavec vystaven zna\u010dn\u00e9 fyzick\u00e9 n\u00e1maze a psychick\u00e9mu tlaku. Pod pe\u0159ejemi Stvo\u0159idla v \u00faseku mezi Led\u010dem nad S\u00e1zavou a Krhanicemi je \u0159eka pom\u011brn\u011b klidn\u00e1 a zde nehroz\u00ed tolik nebezpe\u010d\u00ed, jako v pe\u0159ej\u00edch, ale obdoba Stvo\u0159idel na v\u00e1s \u010dek\u00e1 mezi Krhanicemi a P\u00edkovicemi, v \u00fadol\u00ed pod vrchem Medn\u00edk. Krhanick\u00e9 pe\u0159eje jsou za vy\u0161\u0161\u00edho stavu vody i velmi nebezpe\u010dn\u00e9 s obt\u00ed\u017enost\u00ed WW III+, a chcete-li absolvovat tuto tra\u0165 v d\u00e9lce zhruba dvan\u00e1cti kilometr\u016f, mus\u00edte b\u00fdt opravdu zdatn\u00fdmi plavci. Nav\u00edc se tu v sez\u00f3n\u011b pohybuje pom\u011brn\u011b mnoho vod\u00e1k\u016f, kte\u0159\u00ed v\u00e1m mohou z\u00e1chranu a plav\u00e1n\u00ed ke b\u0159ehu je\u0161t\u011b zt\u00ed\u017eit. Individu\u00e1ln\u00ed v\u00fduka plav\u00e1n\u00ed v Praze se zam\u011b\u0159\u00ed na va\u0161e slab\u00e9 plaveck\u00e9 str\u00e1nky a na zdokonalen\u00ed va\u0161eho stylu a vy si pak budete moci u\u017e\u00edt plavbu bez zbyte\u010dn\u00e9ho rizika. Plovac\u00ed vesta je sice v t\u011bchto m\u00edstech d\u016fle\u017eit\u00e1, ale um\u011bt dob\u0159e plavat je tu je\u0161t\u011b d\u016fle\u017eit\u011bj\u0161\u00ed.                                                                                                                                                                                                                                                                                                                                                                                          4.2\/5 - (6 votes)        "},{"@context":"https:\/\/schema.org\/","@type":"BreadcrumbList","itemListElement":[{"@type":"ListItem","position":1,"name":"Na S\u00e1zavu se bez plaveck\u00e9ho v\u00fdcviku v\u016fbec nepou\u0161t\u011bjte","item":"https:\/\/www.alisen.cz\/na-sazavu-se-bez-plaveckeho-vycviku-vubec-nepoustejte\/#breadcrumbitem"}]}]