{"@context":"https:\/\/schema.org\/","@type":"CollectionPage","@id":"https:\/\/www.alisen.cz\/nakupovani\/#CollectionPage","headline":"Nakupov\u00e1n\u00ed Category","description":"","url":"https:\/\/www.alisen.cz\/nakupovani\/","hasPart":[{"@type":"Article","@id":"https:\/\/www.alisen.cz\/soucasti-bazenoveho-prislusenstvi-jsou-i-bazenove-vysavace\/","headline":"Sou\u010d\u00e1st\u00ed baz\u00e9nov\u00e9ho p\u0159\u00edslu\u0161enstv\u00ed jsou i baz\u00e9nov\u00e9 vysava\u010de","url":"https:\/\/www.alisen.cz\/soucasti-bazenoveho-prislusenstvi-jsou-i-bazenove-vysavace\/","datePublished":"2025-11-16","dateModified":"2025-11-16","mainEntityOfPage":"https:\/\/www.alisen.cz\/soucasti-bazenoveho-prislusenstvi-jsou-i-bazenove-vysavace\/","author":{"@type":"Person","@id":"https:\/\/www.alisen.cz\/author\/#Person","name":"","url":"https:\/\/www.alisen.cz\/author\/","identifier":1,"image":{"@type":"ImageObject","@id":"https:\/\/secure.gravatar.com\/avatar\/d7705a23c50ede72936119380238a88bdeb91030521f9262dc3abc6fdd8add33?s=96&d=mm&r=g","url":"https:\/\/secure.gravatar.com\/avatar\/d7705a23c50ede72936119380238a88bdeb91030521f9262dc3abc6fdd8add33?s=96&d=mm&r=g","height":96,"width":96}},"publisher":{"@type":"Organization","name":"alisen.cz","logo":{"@type":"ImageObject","@id":"\/logo.png","url":"\/logo.png","width":600,"height":60}},"image":{"@type":"ImageObject","@id":"https:\/\/www.alisen.cz\/wp-content\/uploads\/pool-617197_640_10_3.jpg","url":"https:\/\/www.alisen.cz\/wp-content\/uploads\/pool-617197_640_10_3.jpg","height":0,"width":0},"keywords":null},{"@type":"Article","@id":"https:\/\/www.alisen.cz\/darky-ktere-potesi\/","headline":"D\u00e1rky, kter\u00e9 pot\u011b\u0161\u00ed","url":"https:\/\/www.alisen.cz\/darky-ktere-potesi\/","datePublished":"2025-04-14","dateModified":"2025-04-14","mainEntityOfPage":"https:\/\/www.alisen.cz\/darky-ktere-potesi\/","author":{"@type":"Person","@id":"https:\/\/www.alisen.cz\/author\/#Person","name":"","url":"https:\/\/www.alisen.cz\/author\/","identifier":1,"image":{"@type":"ImageObject","@id":"https:\/\/secure.gravatar.com\/avatar\/d7705a23c50ede72936119380238a88bdeb91030521f9262dc3abc6fdd8add33?s=96&d=mm&r=g","url":"https:\/\/secure.gravatar.com\/avatar\/d7705a23c50ede72936119380238a88bdeb91030521f9262dc3abc6fdd8add33?s=96&d=mm&r=g","height":96,"width":96}},"publisher":{"@type":"Organization","name":"alisen.cz","logo":{"@type":"ImageObject","@id":"\/logo.png","url":"\/logo.png","width":600,"height":60}},"image":{"@type":"ImageObject","@id":"https:\/\/www.alisen.cz\/wp-content\/uploads\/ball-point-pen-2099187_640_2.jpg","url":"https:\/\/www.alisen.cz\/wp-content\/uploads\/ball-point-pen-2099187_640_2.jpg","height":0,"width":0},"keywords":null},{"@type":"Article","@id":"https:\/\/www.alisen.cz\/nemoc-uz-si-nespletete\/","headline":"Nemoc u\u017e si nespletete","url":"https:\/\/www.alisen.cz\/nemoc-uz-si-nespletete\/","datePublished":"2025-02-17","dateModified":"2025-02-17","mainEntityOfPage":"https:\/\/www.alisen.cz\/nemoc-uz-si-nespletete\/","author":{"@type":"Person","@id":"https:\/\/www.alisen.cz\/author\/#Person","name":"","url":"https:\/\/www.alisen.cz\/author\/","identifier":1,"image":{"@type":"ImageObject","@id":"https:\/\/secure.gravatar.com\/avatar\/d7705a23c50ede72936119380238a88bdeb91030521f9262dc3abc6fdd8add33?s=96&d=mm&r=g","url":"https:\/\/secure.gravatar.com\/avatar\/d7705a23c50ede72936119380238a88bdeb91030521f9262dc3abc6fdd8add33?s=96&d=mm&r=g","height":96,"width":96}},"publisher":{"@type":"Organization","name":"alisen.cz","logo":{"@type":"ImageObject","@id":"\/logo.png","url":"\/logo.png","width":600,"height":60}},"image":{"@type":"ImageObject","@id":"https:\/\/www.alisen.cz\/wp-content\/uploads\/corona-6848113_640(1).jpg","url":"https:\/\/www.alisen.cz\/wp-content\/uploads\/corona-6848113_640(1).jpg","height":0,"width":0},"keywords":null},{"@type":"Article","@id":"https:\/\/www.alisen.cz\/leseni-si-muzete-i-pronajmout\/","headline":"Le\u0161en\u00ed si m\u016f\u017eete i pronajmout","url":"https:\/\/www.alisen.cz\/leseni-si-muzete-i-pronajmout\/","datePublished":"2024-12-14","dateModified":"2024-12-14","mainEntityOfPage":"https:\/\/www.alisen.cz\/leseni-si-muzete-i-pronajmout\/","author":{"@type":"Person","@id":"https:\/\/www.alisen.cz\/author\/#Person","name":"","url":"https:\/\/www.alisen.cz\/author\/","identifier":1,"image":{"@type":"ImageObject","@id":"https:\/\/secure.gravatar.com\/avatar\/d7705a23c50ede72936119380238a88bdeb91030521f9262dc3abc6fdd8add33?s=96&d=mm&r=g","url":"https:\/\/secure.gravatar.com\/avatar\/d7705a23c50ede72936119380238a88bdeb91030521f9262dc3abc6fdd8add33?s=96&d=mm&r=g","height":96,"width":96}},"publisher":{"@type":"Organization","name":"alisen.cz","logo":{"@type":"ImageObject","@id":"\/logo.png","url":"\/logo.png","width":600,"height":60}},"image":{"@type":"ImageObject","@id":"https:\/\/www.alisen.cz\/wp-content\/uploads\/framework-3328433_640_8.jpg","url":"https:\/\/www.alisen.cz\/wp-content\/uploads\/framework-3328433_640_8.jpg","height":0,"width":0},"keywords":null},{"@type":"Article","@id":"https:\/\/www.alisen.cz\/vodni-dymka-jako-zpestreni-zabavy\/","headline":"Vodn\u00ed d\u00fdmka jako zpest\u0159en\u00ed z\u00e1bavy","url":"https:\/\/www.alisen.cz\/vodni-dymka-jako-zpestreni-zabavy\/","datePublished":"2024-11-28","dateModified":"2024-11-28","mainEntityOfPage":"https:\/\/www.alisen.cz\/vodni-dymka-jako-zpestreni-zabavy\/","author":{"@type":"Person","@id":"https:\/\/www.alisen.cz\/author\/#Person","name":"","url":"https:\/\/www.alisen.cz\/author\/","identifier":1,"image":{"@type":"ImageObject","@id":"https:\/\/secure.gravatar.com\/avatar\/d7705a23c50ede72936119380238a88bdeb91030521f9262dc3abc6fdd8add33?s=96&d=mm&r=g","url":"https:\/\/secure.gravatar.com\/avatar\/d7705a23c50ede72936119380238a88bdeb91030521f9262dc3abc6fdd8add33?s=96&d=mm&r=g","height":96,"width":96}},"publisher":{"@type":"Organization","name":"alisen.cz","logo":{"@type":"ImageObject","@id":"\/logo.png","url":"\/logo.png","width":600,"height":60}},"image":{"@type":"ImageObject","@id":"https:\/\/www.alisen.cz\/wp-content\/uploads\/pexels-pavel-danilyuk-7518750.jpg","url":"https:\/\/www.alisen.cz\/wp-content\/uploads\/pexels-pavel-danilyuk-7518750.jpg","height":0,"width":0},"keywords":null},{"@type":"Article","@id":"https:\/\/www.alisen.cz\/cim-obdarovat-vasi-maminku-o-vanocich\/","headline":"\u010c\u00edm obdarovat va\u0161i maminku o V\u00e1noc\u00edch?","url":"https:\/\/www.alisen.cz\/cim-obdarovat-vasi-maminku-o-vanocich\/","datePublished":"2024-11-09","dateModified":"2024-11-09","mainEntityOfPage":"https:\/\/www.alisen.cz\/cim-obdarovat-vasi-maminku-o-vanocich\/","author":{"@type":"Person","@id":"https:\/\/www.alisen.cz\/author\/#Person","name":"","url":"https:\/\/www.alisen.cz\/author\/","identifier":1,"image":{"@type":"ImageObject","@id":"https:\/\/secure.gravatar.com\/avatar\/d7705a23c50ede72936119380238a88bdeb91030521f9262dc3abc6fdd8add33?s=96&d=mm&r=g","url":"https:\/\/secure.gravatar.com\/avatar\/d7705a23c50ede72936119380238a88bdeb91030521f9262dc3abc6fdd8add33?s=96&d=mm&r=g","height":96,"width":96}},"publisher":{"@type":"Organization","name":"alisen.cz","logo":{"@type":"ImageObject","@id":"\/logo.png","url":"\/logo.png","width":600,"height":60}},"image":{"@type":"ImageObject","@id":"https:\/\/www.alisen.cz\/wp-content\/uploads\/valeriia-miller-_42NKYROG7g-unsplash.jpg","url":"https:\/\/www.alisen.cz\/wp-content\/uploads\/valeriia-miller-_42NKYROG7g-unsplash.jpg","height":0,"width":0},"keywords":null},{"@type":"Article","@id":"https:\/\/www.alisen.cz\/shanite-zabradli\/","headline":"Sh\u00e1n\u00edte z\u00e1bradl\u00ed?","url":"https:\/\/www.alisen.cz\/shanite-zabradli\/","datePublished":"2024-09-22","dateModified":"2024-09-22","mainEntityOfPage":"https:\/\/www.alisen.cz\/shanite-zabradli\/","author":{"@type":"Person","@id":"https:\/\/www.alisen.cz\/author\/#Person","name":"","url":"https:\/\/www.alisen.cz\/author\/","identifier":1,"image":{"@type":"ImageObject","@id":"https:\/\/secure.gravatar.com\/avatar\/d7705a23c50ede72936119380238a88bdeb91030521f9262dc3abc6fdd8add33?s=96&d=mm&r=g","url":"https:\/\/secure.gravatar.com\/avatar\/d7705a23c50ede72936119380238a88bdeb91030521f9262dc3abc6fdd8add33?s=96&d=mm&r=g","height":96,"width":96}},"publisher":{"@type":"Organization","name":"alisen.cz","logo":{"@type":"ImageObject","@id":"\/logo.png","url":"\/logo.png","width":600,"height":60}},"image":{"@type":"ImageObject","@id":"https:\/\/www.alisen.cz\/wp-content\/uploads\/zzzzzz_6.jpg","url":"https:\/\/www.alisen.cz\/wp-content\/uploads\/zzzzzz_6.jpg","height":0,"width":0},"keywords":null},{"@type":"Article","@id":"https:\/\/www.alisen.cz\/pecujte-o-zdravi-svych-mocovych-cest\/","headline":"Pe\u010dujte o zdrav\u00ed sv\u00fdch mo\u010dov\u00fdch cest","url":"https:\/\/www.alisen.cz\/pecujte-o-zdravi-svych-mocovych-cest\/","datePublished":"2024-09-18","dateModified":"2024-09-18","mainEntityOfPage":"https:\/\/www.alisen.cz\/pecujte-o-zdravi-svych-mocovych-cest\/","author":{"@type":"Person","@id":"https:\/\/www.alisen.cz\/author\/#Person","name":"","url":"https:\/\/www.alisen.cz\/author\/","identifier":1,"image":{"@type":"ImageObject","@id":"https:\/\/secure.gravatar.com\/avatar\/d7705a23c50ede72936119380238a88bdeb91030521f9262dc3abc6fdd8add33?s=96&d=mm&r=g","url":"https:\/\/secure.gravatar.com\/avatar\/d7705a23c50ede72936119380238a88bdeb91030521f9262dc3abc6fdd8add33?s=96&d=mm&r=g","height":96,"width":96}},"publisher":{"@type":"Organization","name":"alisen.cz","logo":{"@type":"ImageObject","@id":"\/logo.png","url":"\/logo.png","width":600,"height":60}},"image":{"@type":"ImageObject","@id":"https:\/\/www.alisen.cz\/wp-content\/uploads\/melissa-walker-horn-lo_udD1o_lk-unsplash%20(1).jpg","url":"https:\/\/www.alisen.cz\/wp-content\/uploads\/melissa-walker-horn-lo_udD1o_lk-unsplash%20(1).jpg","height":0,"width":0},"keywords":null},{"@type":"Article","@id":"https:\/\/www.alisen.cz\/mrtvy-muz\/","headline":"Mrtv\u00fd mu\u017e","url":"https:\/\/www.alisen.cz\/mrtvy-muz\/","datePublished":"2024-09-17","dateModified":"2024-09-17","mainEntityOfPage":"https:\/\/www.alisen.cz\/mrtvy-muz\/","author":{"@type":"Person","@id":"https:\/\/www.alisen.cz\/author\/#Person","name":"","url":"https:\/\/www.alisen.cz\/author\/","identifier":1,"image":{"@type":"ImageObject","@id":"https:\/\/secure.gravatar.com\/avatar\/d7705a23c50ede72936119380238a88bdeb91030521f9262dc3abc6fdd8add33?s=96&d=mm&r=g","url":"https:\/\/secure.gravatar.com\/avatar\/d7705a23c50ede72936119380238a88bdeb91030521f9262dc3abc6fdd8add33?s=96&d=mm&r=g","height":96,"width":96}},"publisher":{"@type":"Organization","name":"alisen.cz","logo":{"@type":"ImageObject","@id":"\/logo.png","url":"\/logo.png","width":600,"height":60}},"image":{"@type":"ImageObject","@id":"https:\/\/www.alisen.cz\/wp-content\/uploads\/wireless-technology-1967494_640.jpg","url":"https:\/\/www.alisen.cz\/wp-content\/uploads\/wireless-technology-1967494_640.jpg","height":0,"width":0},"keywords":null},{"@type":"Article","@id":"https:\/\/www.alisen.cz\/vymazlena-kuchyne-neni-problem\/","headline":"Vymazlen\u00e1 kuchyn\u011b? Nen\u00ed probl\u00e9m","url":"https:\/\/www.alisen.cz\/vymazlena-kuchyne-neni-problem\/","datePublished":"2024-09-16","dateModified":"2024-09-16","mainEntityOfPage":"https:\/\/www.alisen.cz\/vymazlena-kuchyne-neni-problem\/","author":{"@type":"Person","@id":"https:\/\/www.alisen.cz\/author\/#Person","name":"","url":"https:\/\/www.alisen.cz\/author\/","identifier":1,"image":{"@type":"ImageObject","@id":"https:\/\/secure.gravatar.com\/avatar\/d7705a23c50ede72936119380238a88bdeb91030521f9262dc3abc6fdd8add33?s=96&d=mm&r=g","url":"https:\/\/secure.gravatar.com\/avatar\/d7705a23c50ede72936119380238a88bdeb91030521f9262dc3abc6fdd8add33?s=96&d=mm&r=g","height":96,"width":96}},"publisher":{"@type":"Organization","name":"alisen.cz","logo":{"@type":"ImageObject","@id":"\/logo.png","url":"\/logo.png","width":600,"height":60}},"image":{"@type":"ImageObject","@id":"https:\/\/www.alisen.cz\/wp-content\/uploads\/kitchen-5669680_640_6.jpg","url":"https:\/\/www.alisen.cz\/wp-content\/uploads\/kitchen-5669680_640_6.jpg","height":0,"width":0},"keywords":null}]}