[{"@context":"https:\/\/schema.org\/","@type":"Article","@id":"https:\/\/www.alisen.cz\/nechte-uklid-po-malovani-na-profesionalech\/#Article","mainEntityOfPage":"https:\/\/www.alisen.cz\/nechte-uklid-po-malovani-na-profesionalech\/","headline":"Nechte \u00faklid po malov\u00e1n\u00ed na profesion\u00e1lech","name":"Nechte \u00faklid po malov\u00e1n\u00ed na profesion\u00e1lech","description":"Kdy\u017e v\u00e1m profesion\u00e1ln\u00ed mal\u00ed\u0159i maluj\u00ed byt, soust\u0159ed\u00ed v\u011bt\u0161inu pozornosti na sv\u016fj pracovn\u00ed v\u00fdkon. Va\u0161\u00ed starost\u00ed je pak zabezpe\u010dit prostory tak, aby byly co nejm\u00e9n\u011b pot\u0159\u00edsn\u011bn\u00e9 barvou, a zajistit pak tak\u00e9 \u00faklid po malov\u00e1n\u00ed. Jen\u017ee ne v\u017edy to vych\u00e1z\u00ed podle va\u0161ich p\u0159edstav. Nap\u0159\u00edklad se v\u00e1m p\u0159\u00edli\u0161 nezda\u0159\u00ed d\u016fkladn\u011b zakr\u00fdt okna a okenn\u00ed parapety, dve\u0159e a dve\u0159n\u00ed [&hellip;]","datePublished":"2024-04-27","dateModified":"2024-04-27","author":{"@type":"Person","@id":"https:\/\/www.alisen.cz\/author\/#Person","name":"","url":"https:\/\/www.alisen.cz\/author\/","identifier":1,"image":{"@type":"ImageObject","@id":"https:\/\/secure.gravatar.com\/avatar\/d7705a23c50ede72936119380238a88bdeb91030521f9262dc3abc6fdd8add33?s=96&d=mm&r=g","url":"https:\/\/secure.gravatar.com\/avatar\/d7705a23c50ede72936119380238a88bdeb91030521f9262dc3abc6fdd8add33?s=96&d=mm&r=g","height":96,"width":96}},"publisher":{"@type":"Organization","name":"alisen.cz","logo":{"@type":"ImageObject","@id":"\/logo.png","url":"\/logo.png","width":600,"height":60}},"image":{"@type":"ImageObject","@id":"https:\/\/www.alisen.cz\/wp-content\/uploads\/cleaning-4098410_640_10_10_10_10_2.jpg","url":"https:\/\/www.alisen.cz\/wp-content\/uploads\/cleaning-4098410_640_10_10_10_10_2.jpg","height":0,"width":0},"url":"https:\/\/www.alisen.cz\/nechte-uklid-po-malovani-na-profesionalech\/","about":["Byznys"],"wordCount":409,"articleBody":"            Kdy\u017e v\u00e1m profesion\u00e1ln\u00ed mal\u00ed\u0159i maluj\u00ed byt, soust\u0159ed\u00ed v\u011bt\u0161inu pozornosti na sv\u016fj pracovn\u00ed v\u00fdkon. Va\u0161\u00ed starost\u00ed je pak zabezpe\u010dit prostory tak, aby byly co nejm\u00e9n\u011b pot\u0159\u00edsn\u011bn\u00e9 barvou, a zajistit pak tak\u00e9 \u00faklid po malov\u00e1n\u00ed. Jen\u017ee ne v\u017edy to vych\u00e1z\u00ed podle va\u0161ich p\u0159edstav. Nap\u0159\u00edklad se v\u00e1m p\u0159\u00edli\u0161 nezda\u0159\u00ed d\u016fkladn\u011b zakr\u00fdt okna a okenn\u00ed parapety, dve\u0159e a dve\u0159n\u00ed z\u00e1rubn\u011b, sv\u00edtidla, podlahy a n\u011bkter\u00fd n\u00e1bytek, co v m\u00edstnostech z\u016fstal. Mal\u00ed\u0159i tak\u00e9 maluj\u00ed kuchyn\u011b, p\u0159eds\u00edn\u011b, chodby a schodi\u0161t\u011b a zakr\u00fdt d\u016fkladn\u011b d\u0159ev\u011bn\u00e1 z\u00e1bradl\u00ed na schodech, kuchy\u0148sk\u00e9 linky a podlahy v kuchyni, se v\u00e1m nemus\u00ed v\u016fbec poda\u0159it.Jakmile mal\u00ed\u0159i odejdou a vy odstran\u00edte zakr\u00fdvac\u00ed f\u00f3lii, zjist\u00edte, \u017ee je tu co se t\u00fd\u010de \u00faklidu je\u0161t\u011b pr\u00e1ce, \u201ejak na kostele\u201c. Co s t\u00edm? Pustit se do toho sami, kdy\u017e jste utahan\u00ed jak ko\u0165ata? M\u00e1me pro v\u00e1s lep\u0161\u00ed n\u00e1pad. Sv\u011b\u0159te \u00faklidov\u00e9 pr\u00e1ce profesion\u00e1l\u016fm a d\u00edvejte se na n\u011b, jak pracuj\u00ed, proto\u017ee tu funguje zn\u00e1m\u00fd psychologick\u00fd efekt, kdy si lid\u00e9 nejv\u00edce odpo\u010dinou, kdy\u017e sleduj\u00ed n\u011bkoho, jak mu jde pr\u00e1ce od ruky. Anebo p\u0159edejte \u00faklidov\u00e9 firm\u011b kl\u00ed\u010de od domu a dop\u0159ejte si chv\u00edle volna mimo objekt. Domluvte si s \u00faklidovou firmou, co je t\u0159eba zajistit, aby byt byl po mal\u00ed\u0159\u00edch \u010dist\u00fd a \u00fatuln\u00fd, a nezapom\u00ednejte ani na \u010di\u0161t\u011bn\u00ed koberc\u016f a um\u00fdv\u00e1n\u00ed oken. Zajd\u011bte do ZOO, do botanick\u00e9 zahrady, vypravte se na hrad, do z\u00e1meck\u00e9 zahrady, na rozhlednu, na p\u0159ehradu, u\u017eijte si sv\u016fj den na koupali\u0161ti nebo si pronajm\u011bte k\u00e1noe a splouvejte t\u0159eba Berounku. \u017divot nen\u00ed jen o pr\u00e1ci, mnoz\u00ed lid\u00e9 zapom\u00ednaj\u00ed na z\u00e1bavu, ot\u00e1\u010d\u00ed se ve stresov\u00e9m koloto\u010di, kter\u00fd se jich dr\u017e\u00ed, jako kl\u00ed\u0161t\u011b. Ve snaze u\u0161et\u0159it tak\u00e9 zbyte\u010dn\u011b promarn\u00edme sv\u016fj \u010das a smysl \u017eivota. \u017divot ne\u017eijeme proto, abychom byli otroky a plnili n\u011bjak\u00e1 p\u0159edsevzet\u00ed, kter\u00e1 n\u00e1m n\u011bkdo stanovil, jako \u017ee se maj\u00ed plnit, uv\u011bdomte si, \u017ee \u017eivot je takov\u00fd, jak\u00fd mu d\u00e1v\u00e1me smysl vlastn\u00edmi my\u0161lenkami a tu\u017ebami.                                                                                                                                                                                                                                                                                                                                                                                           2.7\/5 - (4 votes)        "},{"@context":"https:\/\/schema.org\/","@type":"BreadcrumbList","itemListElement":[{"@type":"ListItem","position":1,"name":"Nechte \u00faklid po malov\u00e1n\u00ed na profesion\u00e1lech","item":"https:\/\/www.alisen.cz\/nechte-uklid-po-malovani-na-profesionalech\/#breadcrumbitem"}]}]