[{"@context":"https:\/\/schema.org\/","@type":"Article","@id":"https:\/\/www.alisen.cz\/nemoc-uz-si-nespletete\/#Article","mainEntityOfPage":"https:\/\/www.alisen.cz\/nemoc-uz-si-nespletete\/","headline":"Nemoc u\u017e si nespletete","name":"Nemoc u\u017e si nespletete","description":"Drtiv\u00e1 v\u011bt\u0161ina lid\u00ed b\u011bhem zimy onemocn\u00ed. N\u011bkdo m\u00e1 \u0161t\u011bst\u00ed, a cel\u00e9 zimn\u00ed obdob\u00ed p\u0159e\u017eije jen s r\u00fdmou nebo nachlazen\u00edm, ale \u010dek\u00e1rny u l\u00e9ka\u0159\u016f se pln\u00ed lidmi s ch\u0159ipkou, ang\u00ednou nebo z\u00e1palem plic. Kdy\u017e jde o nachlazen\u00ed, v\u011bt\u0161inou je mo\u017en\u00e9 ho p\u0159e\u017e\u00edt jen tak doma. B\u011b\u017en\u011b se pou\u017e\u00edv\u00e1 sp\u00e1nek jako l\u00e9k, k tomu paralen na hore\u010dku, [&hellip;]","datePublished":"2025-02-17","dateModified":"2025-02-17","author":{"@type":"Person","@id":"https:\/\/www.alisen.cz\/author\/#Person","name":"","url":"https:\/\/www.alisen.cz\/author\/","identifier":1,"image":{"@type":"ImageObject","@id":"https:\/\/secure.gravatar.com\/avatar\/d7705a23c50ede72936119380238a88bdeb91030521f9262dc3abc6fdd8add33?s=96&d=mm&r=g","url":"https:\/\/secure.gravatar.com\/avatar\/d7705a23c50ede72936119380238a88bdeb91030521f9262dc3abc6fdd8add33?s=96&d=mm&r=g","height":96,"width":96}},"publisher":{"@type":"Organization","name":"alisen.cz","logo":{"@type":"ImageObject","@id":"\/logo.png","url":"\/logo.png","width":600,"height":60}},"image":{"@type":"ImageObject","@id":"https:\/\/www.alisen.cz\/wp-content\/uploads\/corona-6848113_640(1).jpg","url":"https:\/\/www.alisen.cz\/wp-content\/uploads\/corona-6848113_640(1).jpg","height":0,"width":0},"url":"https:\/\/www.alisen.cz\/nemoc-uz-si-nespletete\/","about":["Nakupov\u00e1n\u00ed"],"wordCount":429,"articleBody":"   Drtiv\u00e1 v\u011bt\u0161ina lid\u00ed b\u011bhem zimy onemocn\u00ed. N\u011bkdo m\u00e1 \u0161t\u011bst\u00ed, a cel\u00e9 zimn\u00ed obdob\u00ed p\u0159e\u017eije jen s r\u00fdmou nebo nachlazen\u00edm, ale \u010dek\u00e1rny u l\u00e9ka\u0159\u016f se pln\u00ed lidmi s ch\u0159ipkou, ang\u00ednou nebo z\u00e1palem plic. Kdy\u017e jde o nachlazen\u00ed, v\u011bt\u0161inou je mo\u017en\u00e9 ho p\u0159e\u017e\u00edt jen tak doma. B\u011b\u017en\u011b se pou\u017e\u00edv\u00e1 sp\u00e1nek jako l\u00e9k, k tomu paralen na hore\u010dku, \u010daj s citronem, a do t\u00fddne by m\u011bl b\u00fdt \u010dlov\u011bk v po\u0159\u00e1dku. Hor\u0161\u00ed je ale ch\u0159ipka, kter\u00e1 dok\u00e1\u017ee zam\u00e1vat i s jinak zdrav\u00fdm \u010dlov\u011bkem. Je nebezpe\u010dn\u00e1 pro v\u0161echny, proto\u017ee ji prov\u00e1z\u00ed dost \u00faporn\u00e9 hore\u010dky, kter\u00fdch se d\u00e1 obt\u00ed\u017en\u011b zbavit. Nemoci je mo\u017en\u00e9 si spl\u00e9st, proto\u017ee jejich p\u0159\u00edznaky mohou b\u00fdt velice podobn\u00e9. I pro l\u00e9ka\u0159e je n\u011bkdy probl\u00e9m ur\u010dit spr\u00e1vnou diagn\u00f3zu, a proto k jejich ur\u010den\u00ed pou\u017e\u00edvaj\u00ed testy, kter\u00e9 um\u00ed nemoci odli\u0161it. Na diagnostiku se pou\u017e\u00edvaj\u00ed speci\u00e1ln\u00ed testy. Na b\u011b\u017enou ch\u0159ipku se pou\u017e\u00edvaj\u00ed testy, kter\u00e9 um\u00ed detekovat v\u0161echny t\u0159i typy ch\u0159ipky. K ur\u010den\u00ed covidu se pou\u017e\u00edvaj\u00ed antigenn\u00ed testy. Jedin\u011b t\u011bmito testy lze od sebe odli\u0161it covid a ch\u0159ipku, proto\u017ee jde o velmi podobn\u00e1 onemocn\u011bn\u00ed.Covid je nebezpe\u010dn\u00fd Jist\u011b si v\u0161ichni pamatuj\u00ed situaci, kter\u00e1 zavl\u00e1dla na cel\u00e9m sv\u011bt\u011b p\u0159ed p\u011bti lety. Propukla pandemie covidu, kter\u00fd se dal zpo\u010d\u00e1tku zam\u011bnit s ch\u0159ipkou. Jen\u017ee se extr\u00e9mn\u011b rychle \u0161\u00ed\u0159il, co\u017e byl opravdu probl\u00e9m. Nikdo si nemohl b\u00fdt jist\u00fd, zda covid nem\u011bl, proto\u017ee n\u011bkdy se neprojevil v\u016fbec, a n\u011bkte\u0159\u00ed lid\u00e9 byli jen p\u0159ena\u0161e\u010di. Jen\u017ee bez testu nikdo nev\u011bd\u011bl, zda covid nep\u0159en\u00e1\u0161\u00ed, a pr\u00e1v\u011b proto na n\u011bj zem\u0159elo tolik lid\u00ed. V nejt\u011b\u017e\u0161\u00edch p\u0159\u00edpadech se choval jako t\u011b\u017ek\u00fd z\u00e1pal plic, co\u017e je komplikace a z\u00e1va\u017en\u00e9 onemocn\u011bn\u00ed i pro mlad\u00e9 lidi, nato\u017e pak pro star\u0161\u00ed a chronicky nemocn\u00e9. I dnes je mo\u017en\u00e9 onemocn\u011bt covidem, ale dnes u\u017e v\u00edme, jak se k nemoci chovat. D\u016fle\u017eit\u00e9 je, aby byla nemoc spr\u00e1vn\u011b a v\u010das diagnostikovan\u00e1, a mohla se v\u010das zah\u00e1jit vhodn\u00e1 l\u00e9\u010dba. I vy byste doma m\u011bli m\u00edt testy, kter\u00e9 v\u00e1m ur\u010d\u00ed diagn\u00f3zu.                                                                                                                                                                                                                                                                                                                                                                                          4\/5 - (1 vote)        "},{"@context":"https:\/\/schema.org\/","@type":"BreadcrumbList","itemListElement":[{"@type":"ListItem","position":1,"name":"Nemoc u\u017e si nespletete","item":"https:\/\/www.alisen.cz\/nemoc-uz-si-nespletete\/#breadcrumbitem"}]}]