[{"@context":"https:\/\/schema.org\/","@type":"Article","@id":"https:\/\/www.alisen.cz\/nevite-si-rady-se-svymi-zamestnanci\/#Article","mainEntityOfPage":"https:\/\/www.alisen.cz\/nevite-si-rady-se-svymi-zamestnanci\/","headline":"Nev\u00edte si rady se sv\u00fdmi zam\u011bstnanci?","name":"Nev\u00edte si rady se sv\u00fdmi zam\u011bstnanci?","description":"Pot\u0159ebujete informace nebo \u0161kolen\u00ed na to, jak zvl\u00e1dnout t\u00fdm pracovn\u00edk\u016f a neztratit autoritu? B\u00fdt jen mana\u017eerem, \u010di p\u0159\u00edmo zam\u011bstnavatelem nesta\u010d\u00ed. Pot\u0159ebujete lidem rozum\u011bt, um\u011bt se k nim chovat, spr\u00e1vn\u011b pod\u00e1vat informace a efektivn\u011b \u0159e\u0161it nep\u0159\u00edjemn\u00e9 situace. V\u00e1\u0161 t\u00fdm zam\u011bstnanc\u016f pot\u0159ebuje nejen \u0159\u00edd\u00edc\u00ed osobnost, ale i n\u011bkoho, kdo v\u00ed, co d\u011bl\u00e1 a um\u00ed lidem i p\u0159\u00edkazy [&hellip;]","datePublished":"2023-06-30","dateModified":"2024-07-03","author":{"@type":"Person","@id":"https:\/\/www.alisen.cz\/author\/#Person","name":"","url":"https:\/\/www.alisen.cz\/author\/","identifier":1,"image":{"@type":"ImageObject","@id":"https:\/\/secure.gravatar.com\/avatar\/d7705a23c50ede72936119380238a88bdeb91030521f9262dc3abc6fdd8add33?s=96&d=mm&r=g","url":"https:\/\/secure.gravatar.com\/avatar\/d7705a23c50ede72936119380238a88bdeb91030521f9262dc3abc6fdd8add33?s=96&d=mm&r=g","height":96,"width":96}},"publisher":{"@type":"Organization","name":"alisen.cz","logo":{"@type":"ImageObject","@id":"\/logo.png","url":"\/logo.png","width":600,"height":60}},"url":"https:\/\/www.alisen.cz\/nevite-si-rady-se-svymi-zamestnanci\/","wordCount":234,"articleBody":"Pot\u0159ebujete informace nebo \u0161kolen\u00ed na to, jak zvl\u00e1dnout t\u00fdm pracovn\u00edk\u016f a neztratit autoritu? B\u00fdt jen mana\u017eerem, \u010di p\u0159\u00edmo zam\u011bstnavatelem nesta\u010d\u00ed. Pot\u0159ebujete lidem rozum\u011bt, um\u011bt se k nim chovat, spr\u00e1vn\u011b pod\u00e1vat informace a efektivn\u011b \u0159e\u0161it nep\u0159\u00edjemn\u00e9 situace. V\u00e1\u0161 t\u00fdm zam\u011bstnanc\u016f pot\u0159ebuje nejen \u0159\u00edd\u00edc\u00ed osobnost, ale i n\u011bkoho, kdo v\u00ed, co d\u011bl\u00e1 a um\u00ed lidem i p\u0159\u00edkazy podat tak, aby je brali v\u00e1\u017en\u011b a pozitivn\u011b. Jak se v\u0161echno nau\u010dit a b\u00fdt nejlep\u0161\u00edm na vedouc\u00ed pozici? Odborn\u00edkem v t\u00e9to oblasti je PhDr. Franti\u0161ek Hron\u00edk, kter\u00fd se zab\u00fdv\u00e1 \u0159\u00edzen\u00edm lidsk\u00fdch zdroj\u016f a vydal i n\u011bkolik zaj\u00edmav\u00fdch kni\u017en\u00edch publikac\u00ed. Je \u0159editelem agentury Motiv P, kter\u00e1 v\u00e1m pom\u016f\u017ee dostat ze sebe v\u00edc.V\u0161echno, co pot\u0159ebujete v\u011bd\u011btB\u00fdt \u00fasp\u011b\u0161n\u00fdm mana\u017eerem nen\u00ed jednoduch\u00e9. Jak mana\u017eer, tak zam\u011bstnanci mus\u00ed proch\u00e1zet pravideln\u00fdm \u0161kolen\u00edm, vzd\u011bl\u00e1v\u00e1n\u00edm a nab\u00edrat zku\u0161enosti, aby se z nich stali \u00fasp\u011b\u0161n\u00ed vedouc\u00ed, ale i pod\u0159\u00edzen\u00ed pracovn\u00edci. Franti\u0161ek Hron\u00edk v\u00e1m dok\u00e1\u017ee vykouzlit ztracen\u00e9 sebev\u011bdom\u00ed ji\u017e b\u011bhem n\u011bkolika m\u00e1lo minut. Jeho konference m\u016f\u017eete sledovat, i jako z\u00e1znam online.                                                                                                                                                                                                                                                                                                                                                                                        5\/5 - (3 votes)        "},{"@context":"https:\/\/schema.org\/","@type":"BreadcrumbList","itemListElement":[{"@type":"ListItem","position":1,"name":"Nev\u00edte si rady se sv\u00fdmi zam\u011bstnanci?","item":"https:\/\/www.alisen.cz\/nevite-si-rady-se-svymi-zamestnanci\/#breadcrumbitem"}]}]