[{"@context":"https:\/\/schema.org\/","@type":"Blog","@id":"https:\/\/www.alisen.cz#Blog","headline":"Alisen","description":"\nNe v\u017edycky se m\u00e1me tak dob\u0159e, jak bychom si to p\u0159\u00e1li. A kdy\u017e chceme, abychom se m\u011bli l\u00edp, vyplat\u00ed se zam\u00ed\u0159it na tento web, kter\u00fd n\u00e1m nab\u00edz\u00ed \u017e\u00e1douc\u00ed pomoc.","url":"https:\/\/www.alisen.cz","hasPart":[{"@type":"Article","@id":"https:\/\/www.alisen.cz\/svatba-s-dalekymi-rozhledy\/","headline":"Svatba s dalek\u00fdmi rozhledy","url":"https:\/\/www.alisen.cz\/svatba-s-dalekymi-rozhledy\/","datePublished":"2024-05-28","dateModified":"2024-06-28","mainEntityOfPage":"https:\/\/www.alisen.cz\/svatba-s-dalekymi-rozhledy\/","author":{"@type":"Person","@id":"https:\/\/www.alisen.cz\/author\/#Person","name":"","url":"https:\/\/www.alisen.cz\/author\/","identifier":1,"image":{"@type":"ImageObject","@id":"https:\/\/secure.gravatar.com\/avatar\/d7705a23c50ede72936119380238a88bdeb91030521f9262dc3abc6fdd8add33?s=96&d=mm&r=g","url":"https:\/\/secure.gravatar.com\/avatar\/d7705a23c50ede72936119380238a88bdeb91030521f9262dc3abc6fdd8add33?s=96&d=mm&r=g","height":96,"width":96}},"publisher":{"@type":"Organization","name":"alisen.cz","logo":{"@type":"ImageObject","@id":"\/logo.png","url":"\/logo.png","width":600,"height":60}},"image":{"@type":"ImageObject","@id":"https:\/\/www.alisen.cz\/wp-content\/uploads\/wedding-cake-639516_640_1.jpg","url":"https:\/\/www.alisen.cz\/wp-content\/uploads\/wedding-cake-639516_640_1.jpg","height":0,"width":0},"wordCount":480,"keywords":null},{"@type":"Article","@id":"https:\/\/www.alisen.cz\/mobilni-telefony-u-mladych-a-starych-lidi\/","headline":"Mobiln\u00ed telefony u mlad\u00fdch a star\u00fdch lid\u00ed","url":"https:\/\/www.alisen.cz\/mobilni-telefony-u-mladych-a-starych-lidi\/","datePublished":"2024-05-28","dateModified":"2024-06-04","mainEntityOfPage":"https:\/\/www.alisen.cz\/mobilni-telefony-u-mladych-a-starych-lidi\/","author":{"@type":"Person","@id":"https:\/\/www.alisen.cz\/author\/#Person","name":"","url":"https:\/\/www.alisen.cz\/author\/","identifier":1,"image":{"@type":"ImageObject","@id":"https:\/\/secure.gravatar.com\/avatar\/d7705a23c50ede72936119380238a88bdeb91030521f9262dc3abc6fdd8add33?s=96&d=mm&r=g","url":"https:\/\/secure.gravatar.com\/avatar\/d7705a23c50ede72936119380238a88bdeb91030521f9262dc3abc6fdd8add33?s=96&d=mm&r=g","height":96,"width":96}},"publisher":{"@type":"Organization","name":"alisen.cz","logo":{"@type":"ImageObject","@id":"\/logo.png","url":"\/logo.png","width":600,"height":60}},"image":{"@type":"ImageObject","@id":"https:\/\/www.alisen.cz\/wp-content\/uploads\/iphone-4-755580_640_3.jpg","url":"https:\/\/www.alisen.cz\/wp-content\/uploads\/iphone-4-755580_640_3.jpg","height":0,"width":0},"wordCount":537,"keywords":null},{"@type":"Article","@id":"https:\/\/www.alisen.cz\/visit-range\/","headline":"Visit range","url":"https:\/\/www.alisen.cz\/visit-range\/","datePublished":"2024-05-25","dateModified":"2024-06-26","mainEntityOfPage":"https:\/\/www.alisen.cz\/visit-range\/","author":{"@type":"Person","@id":"https:\/\/www.alisen.cz\/author\/#Person","name":"","url":"https:\/\/www.alisen.cz\/author\/","identifier":1,"image":{"@type":"ImageObject","@id":"https:\/\/secure.gravatar.com\/avatar\/d7705a23c50ede72936119380238a88bdeb91030521f9262dc3abc6fdd8add33?s=96&d=mm&r=g","url":"https:\/\/secure.gravatar.com\/avatar\/d7705a23c50ede72936119380238a88bdeb91030521f9262dc3abc6fdd8add33?s=96&d=mm&r=g","height":96,"width":96}},"publisher":{"@type":"Organization","name":"alisen.cz","logo":{"@type":"ImageObject","@id":"\/logo.png","url":"\/logo.png","width":600,"height":60}},"image":{"@type":"ImageObject","@id":"https:\/\/www.alisen.cz\/wp-content\/uploads\/pexels-pixabay-163443_10_10_9.jpg","url":"https:\/\/www.alisen.cz\/wp-content\/uploads\/pexels-pixabay-163443_10_10_9.jpg","height":0,"width":0},"wordCount":495,"keywords":null},{"@type":"Article","@id":"https:\/\/www.alisen.cz\/pece-o-dum-a-zahradu\/","headline":"P\u00e9\u010de o d\u016fm a zahradu","url":"https:\/\/www.alisen.cz\/pece-o-dum-a-zahradu\/","datePublished":"2024-05-22","dateModified":"2024-05-24","mainEntityOfPage":"https:\/\/www.alisen.cz\/pece-o-dum-a-zahradu\/","author":{"@type":"Person","@id":"https:\/\/www.alisen.cz\/author\/#Person","name":"","url":"https:\/\/www.alisen.cz\/author\/","identifier":1,"image":{"@type":"ImageObject","@id":"https:\/\/secure.gravatar.com\/avatar\/d7705a23c50ede72936119380238a88bdeb91030521f9262dc3abc6fdd8add33?s=96&d=mm&r=g","url":"https:\/\/secure.gravatar.com\/avatar\/d7705a23c50ede72936119380238a88bdeb91030521f9262dc3abc6fdd8add33?s=96&d=mm&r=g","height":96,"width":96}},"publisher":{"@type":"Organization","name":"alisen.cz","logo":{"@type":"ImageObject","@id":"\/logo.png","url":"\/logo.png","width":600,"height":60}},"image":{"@type":"ImageObject","@id":"https:\/\/www.alisen.cz\/wp-content\/uploads\/pathway-2289978_1280.jpg","url":"https:\/\/www.alisen.cz\/wp-content\/uploads\/pathway-2289978_1280.jpg","height":0,"width":0},"wordCount":509,"keywords":null},{"@type":"Article","@id":"https:\/\/www.alisen.cz\/kazdy-clovek-si-muze-vytvorit-svoji-krasu\/","headline":"Ka\u017ed\u00fd \u010dlov\u011bk si m\u016f\u017ee vytvo\u0159it svoji kr\u00e1su","url":"https:\/\/www.alisen.cz\/kazdy-clovek-si-muze-vytvorit-svoji-krasu\/","datePublished":"2024-05-18","dateModified":"2024-05-18","mainEntityOfPage":"https:\/\/www.alisen.cz\/kazdy-clovek-si-muze-vytvorit-svoji-krasu\/","author":{"@type":"Person","@id":"https:\/\/www.alisen.cz\/author\/#Person","name":"","url":"https:\/\/www.alisen.cz\/author\/","identifier":1,"image":{"@type":"ImageObject","@id":"https:\/\/secure.gravatar.com\/avatar\/d7705a23c50ede72936119380238a88bdeb91030521f9262dc3abc6fdd8add33?s=96&d=mm&r=g","url":"https:\/\/secure.gravatar.com\/avatar\/d7705a23c50ede72936119380238a88bdeb91030521f9262dc3abc6fdd8add33?s=96&d=mm&r=g","height":96,"width":96}},"publisher":{"@type":"Organization","name":"alisen.cz","logo":{"@type":"ImageObject","@id":"\/logo.png","url":"\/logo.png","width":600,"height":60}},"image":{"@type":"ImageObject","@id":"https:\/\/www.alisen.cz\/wp-content\/uploads\/benz-8038240_640_4.jpg","url":"https:\/\/www.alisen.cz\/wp-content\/uploads\/benz-8038240_640_4.jpg","height":0,"width":0},"wordCount":575,"keywords":null},{"@type":"Article","@id":"https:\/\/www.alisen.cz\/financni-poradce\/","headline":"Finan\u010dn\u00ed poradce","url":"https:\/\/www.alisen.cz\/financni-poradce\/","datePublished":"2024-05-17","dateModified":"2024-06-17","mainEntityOfPage":"https:\/\/www.alisen.cz\/financni-poradce\/","author":{"@type":"Person","@id":"https:\/\/www.alisen.cz\/author\/#Person","name":"","url":"https:\/\/www.alisen.cz\/author\/","identifier":1,"image":{"@type":"ImageObject","@id":"https:\/\/secure.gravatar.com\/avatar\/d7705a23c50ede72936119380238a88bdeb91030521f9262dc3abc6fdd8add33?s=96&d=mm&r=g","url":"https:\/\/secure.gravatar.com\/avatar\/d7705a23c50ede72936119380238a88bdeb91030521f9262dc3abc6fdd8add33?s=96&d=mm&r=g","height":96,"width":96}},"publisher":{"@type":"Organization","name":"alisen.cz","logo":{"@type":"ImageObject","@id":"\/logo.png","url":"\/logo.png","width":600,"height":60}},"image":{"@type":"ImageObject","@id":"https:\/\/www.alisen.cz\/wp-content\/uploads\/money-1428594_960_720_9.jpg","url":"https:\/\/www.alisen.cz\/wp-content\/uploads\/money-1428594_960_720_9.jpg","height":0,"width":0},"wordCount":508,"keywords":null},{"@type":"Article","@id":"https:\/\/www.alisen.cz\/unik-vody-jak-ho-odhalit-a-minimalizovat-skody\/","headline":"\u00danik vody: Jak ho odhalit a minimalizovat \u0161kody","url":"https:\/\/www.alisen.cz\/unik-vody-jak-ho-odhalit-a-minimalizovat-skody\/","datePublished":"2024-05-17","dateModified":"2024-06-17","mainEntityOfPage":"https:\/\/www.alisen.cz\/unik-vody-jak-ho-odhalit-a-minimalizovat-skody\/","author":{"@type":"Person","@id":"https:\/\/www.alisen.cz\/author\/#Person","name":"","url":"https:\/\/www.alisen.cz\/author\/","identifier":1,"image":{"@type":"ImageObject","@id":"https:\/\/secure.gravatar.com\/avatar\/d7705a23c50ede72936119380238a88bdeb91030521f9262dc3abc6fdd8add33?s=96&d=mm&r=g","url":"https:\/\/secure.gravatar.com\/avatar\/d7705a23c50ede72936119380238a88bdeb91030521f9262dc3abc6fdd8add33?s=96&d=mm&r=g","height":96,"width":96}},"publisher":{"@type":"Organization","name":"alisen.cz","logo":{"@type":"ImageObject","@id":"\/logo.png","url":"\/logo.png","width":600,"height":60}},"image":{"@type":"ImageObject","@id":"https:\/\/www.alisen.cz\/wp-content\/uploads\/drop-1004250_1280.jpg","url":"https:\/\/www.alisen.cz\/wp-content\/uploads\/drop-1004250_1280.jpg","height":0,"width":0},"wordCount":526,"keywords":null},{"@type":"Article","@id":"https:\/\/www.alisen.cz\/pritel-nema-praci\/","headline":"P\u0159\u00edtel nem\u00e1 pr\u00e1ci","url":"https:\/\/www.alisen.cz\/pritel-nema-praci\/","datePublished":"2024-05-16","dateModified":"2024-05-16","mainEntityOfPage":"https:\/\/www.alisen.cz\/pritel-nema-praci\/","author":{"@type":"Person","@id":"https:\/\/www.alisen.cz\/author\/#Person","name":"","url":"https:\/\/www.alisen.cz\/author\/","identifier":1,"image":{"@type":"ImageObject","@id":"https:\/\/secure.gravatar.com\/avatar\/d7705a23c50ede72936119380238a88bdeb91030521f9262dc3abc6fdd8add33?s=96&d=mm&r=g","url":"https:\/\/secure.gravatar.com\/avatar\/d7705a23c50ede72936119380238a88bdeb91030521f9262dc3abc6fdd8add33?s=96&d=mm&r=g","height":96,"width":96}},"publisher":{"@type":"Organization","name":"alisen.cz","logo":{"@type":"ImageObject","@id":"\/logo.png","url":"\/logo.png","width":600,"height":60}},"image":{"@type":"ImageObject","@id":"https:\/\/www.alisen.cz\/wp-content\/uploads\/mathieu-stern-1zO4O3Z0UJA-unsplash.jpg","url":"https:\/\/www.alisen.cz\/wp-content\/uploads\/mathieu-stern-1zO4O3Z0UJA-unsplash.jpg","height":0,"width":0},"wordCount":548,"keywords":null},{"@type":"Article","@id":"https:\/\/www.alisen.cz\/zivot-neni-stresujici-honicka\/","headline":"\u017divot nen\u00ed stresuj\u00edc\u00ed honi\u010dka","url":"https:\/\/www.alisen.cz\/zivot-neni-stresujici-honicka\/","datePublished":"2024-05-14","dateModified":"2024-06-17","mainEntityOfPage":"https:\/\/www.alisen.cz\/zivot-neni-stresujici-honicka\/","author":{"@type":"Person","@id":"https:\/\/www.alisen.cz\/author\/#Person","name":"","url":"https:\/\/www.alisen.cz\/author\/","identifier":1,"image":{"@type":"ImageObject","@id":"https:\/\/secure.gravatar.com\/avatar\/d7705a23c50ede72936119380238a88bdeb91030521f9262dc3abc6fdd8add33?s=96&d=mm&r=g","url":"https:\/\/secure.gravatar.com\/avatar\/d7705a23c50ede72936119380238a88bdeb91030521f9262dc3abc6fdd8add33?s=96&d=mm&r=g","height":96,"width":96}},"publisher":{"@type":"Organization","name":"alisen.cz","logo":{"@type":"ImageObject","@id":"\/logo.png","url":"\/logo.png","width":600,"height":60}},"image":{"@type":"ImageObject","@id":"https:\/\/www.alisen.cz\/wp-content\/uploads\/ginseng-4835961_640.png","url":"https:\/\/www.alisen.cz\/wp-content\/uploads\/ginseng-4835961_640.png","height":0,"width":0},"wordCount":498,"keywords":null},{"@type":"Article","@id":"https:\/\/www.alisen.cz\/da-se-najit-nejlepsi-elektrikar-i-na-praze-13\/","headline":"D\u00e1 se naj\u00edt nejlep\u0161\u00ed elektrik\u00e1\u0159 i na Praze 13?","url":"https:\/\/www.alisen.cz\/da-se-najit-nejlepsi-elektrikar-i-na-praze-13\/","datePublished":"2024-05-12","dateModified":"2024-06-26","mainEntityOfPage":"https:\/\/www.alisen.cz\/da-se-najit-nejlepsi-elektrikar-i-na-praze-13\/","author":{"@type":"Person","@id":"https:\/\/www.alisen.cz\/author\/#Person","name":"","url":"https:\/\/www.alisen.cz\/author\/","identifier":1,"image":{"@type":"ImageObject","@id":"https:\/\/secure.gravatar.com\/avatar\/d7705a23c50ede72936119380238a88bdeb91030521f9262dc3abc6fdd8add33?s=96&d=mm&r=g","url":"https:\/\/secure.gravatar.com\/avatar\/d7705a23c50ede72936119380238a88bdeb91030521f9262dc3abc6fdd8add33?s=96&d=mm&r=g","height":96,"width":96}},"publisher":{"@type":"Organization","name":"alisen.cz","logo":{"@type":"ImageObject","@id":"\/logo.png","url":"\/logo.png","width":600,"height":60}},"image":{"@type":"ImageObject","@id":"https:\/\/www.alisen.cz\/wp-content\/uploads\/electrician-1080554_640%20(1).jpg","url":"https:\/\/www.alisen.cz\/wp-content\/uploads\/electrician-1080554_640%20(1).jpg","height":0,"width":0},"wordCount":633,"keywords":null}]},{"@context":"https:\/\/schema.org","@type":"WebSite","@id":"https:\/\/www.alisen.cz\/#website","name":"Alisen","url":"https:\/\/www.alisen.cz","potentialAction":{"@type":"SearchAction","target":"https:\/\/www.alisen.cz\/?s={search_term_string}","query-input":"required name=search_term_string"}}]