[{"@context":"https:\/\/schema.org\/","@type":"Blog","@id":"https:\/\/www.alisen.cz#Blog","headline":"Alisen","description":"\nNe v\u017edycky se m\u00e1me tak dob\u0159e, jak bychom si to p\u0159\u00e1li. A kdy\u017e chceme, abychom se m\u011bli l\u00edp, vyplat\u00ed se zam\u00ed\u0159it na tento web, kter\u00fd n\u00e1m nab\u00edz\u00ed \u017e\u00e1douc\u00ed pomoc.","url":"https:\/\/www.alisen.cz","hasPart":[{"@type":"Article","@id":"https:\/\/www.alisen.cz\/doplnky-jsou-dulezite\/","headline":"Dopl\u0148ky jsou d\u016fle\u017eit\u00e9","url":"https:\/\/www.alisen.cz\/doplnky-jsou-dulezite\/","datePublished":"2024-05-12","dateModified":"2024-06-26","mainEntityOfPage":"https:\/\/www.alisen.cz\/doplnky-jsou-dulezite\/","author":{"@type":"Person","@id":"https:\/\/www.alisen.cz\/author\/#Person","name":"","url":"https:\/\/www.alisen.cz\/author\/","identifier":1,"image":{"@type":"ImageObject","@id":"https:\/\/secure.gravatar.com\/avatar\/d7705a23c50ede72936119380238a88bdeb91030521f9262dc3abc6fdd8add33?s=96&d=mm&r=g","url":"https:\/\/secure.gravatar.com\/avatar\/d7705a23c50ede72936119380238a88bdeb91030521f9262dc3abc6fdd8add33?s=96&d=mm&r=g","height":96,"width":96}},"publisher":{"@type":"Organization","name":"alisen.cz","logo":{"@type":"ImageObject","@id":"\/logo.png","url":"\/logo.png","width":600,"height":60}},"image":{"@type":"ImageObject","@id":"https:\/\/www.alisen.cz\/wp-content\/uploads\/wood-791682_640.jpg","url":"https:\/\/www.alisen.cz\/wp-content\/uploads\/wood-791682_640.jpg","height":0,"width":0},"wordCount":535,"keywords":null},{"@type":"Article","@id":"https:\/\/www.alisen.cz\/provedte-vase-pratele-po-kladne-a-doprejte-si-neco-za-odmenu\/","headline":"Prove\u010fte va\u0161e p\u0159\u00e1tele po Kladn\u011b a dop\u0159ejte si n\u011bco za odm\u011bnu","url":"https:\/\/www.alisen.cz\/provedte-vase-pratele-po-kladne-a-doprejte-si-neco-za-odmenu\/","datePublished":"2024-05-10","dateModified":"2024-05-10","mainEntityOfPage":"https:\/\/www.alisen.cz\/provedte-vase-pratele-po-kladne-a-doprejte-si-neco-za-odmenu\/","author":{"@type":"Person","@id":"https:\/\/www.alisen.cz\/author\/#Person","name":"","url":"https:\/\/www.alisen.cz\/author\/","identifier":1,"image":{"@type":"ImageObject","@id":"https:\/\/secure.gravatar.com\/avatar\/d7705a23c50ede72936119380238a88bdeb91030521f9262dc3abc6fdd8add33?s=96&d=mm&r=g","url":"https:\/\/secure.gravatar.com\/avatar\/d7705a23c50ede72936119380238a88bdeb91030521f9262dc3abc6fdd8add33?s=96&d=mm&r=g","height":96,"width":96}},"publisher":{"@type":"Organization","name":"alisen.cz","logo":{"@type":"ImageObject","@id":"\/logo.png","url":"\/logo.png","width":600,"height":60}},"image":{"@type":"ImageObject","@id":"https:\/\/www.alisen.cz\/wp-content\/uploads\/hair-4541783_640.jpg","url":"https:\/\/www.alisen.cz\/wp-content\/uploads\/hair-4541783_640.jpg","height":0,"width":0},"wordCount":581,"keywords":null},{"@type":"Article","@id":"https:\/\/www.alisen.cz\/ostraha-ojektu-se-da-vyresit-ruzne\/","headline":"Ostraha ojekt\u016f se d\u00e1 vy\u0159e\u0161it r\u016fzn\u011b","url":"https:\/\/www.alisen.cz\/ostraha-ojektu-se-da-vyresit-ruzne\/","datePublished":"2024-05-10","dateModified":"2024-06-10","mainEntityOfPage":"https:\/\/www.alisen.cz\/ostraha-ojektu-se-da-vyresit-ruzne\/","author":{"@type":"Person","@id":"https:\/\/www.alisen.cz\/author\/#Person","name":"","url":"https:\/\/www.alisen.cz\/author\/","identifier":1,"image":{"@type":"ImageObject","@id":"https:\/\/secure.gravatar.com\/avatar\/d7705a23c50ede72936119380238a88bdeb91030521f9262dc3abc6fdd8add33?s=96&d=mm&r=g","url":"https:\/\/secure.gravatar.com\/avatar\/d7705a23c50ede72936119380238a88bdeb91030521f9262dc3abc6fdd8add33?s=96&d=mm&r=g","height":96,"width":96}},"publisher":{"@type":"Organization","name":"alisen.cz","logo":{"@type":"ImageObject","@id":"\/logo.png","url":"\/logo.png","width":600,"height":60}},"image":{"@type":"ImageObject","@id":"https:\/\/www.alisen.cz\/wp-content\/uploads\/external-alarm-273435_640_1.jpg","url":"https:\/\/www.alisen.cz\/wp-content\/uploads\/external-alarm-273435_640_1.jpg","height":0,"width":0},"wordCount":540,"keywords":null},{"@type":"Article","@id":"https:\/\/www.alisen.cz\/proc-je-zalozeni-svj-mnohdy-nezbytne\/","headline":"Pro\u010d je zalo\u017een\u00ed svj mnohdy nezbytn\u00e9","url":"https:\/\/www.alisen.cz\/proc-je-zalozeni-svj-mnohdy-nezbytne\/","datePublished":"2024-05-10","dateModified":"2024-06-10","mainEntityOfPage":"https:\/\/www.alisen.cz\/proc-je-zalozeni-svj-mnohdy-nezbytne\/","author":{"@type":"Person","@id":"https:\/\/www.alisen.cz\/author\/#Person","name":"","url":"https:\/\/www.alisen.cz\/author\/","identifier":1,"image":{"@type":"ImageObject","@id":"https:\/\/secure.gravatar.com\/avatar\/d7705a23c50ede72936119380238a88bdeb91030521f9262dc3abc6fdd8add33?s=96&d=mm&r=g","url":"https:\/\/secure.gravatar.com\/avatar\/d7705a23c50ede72936119380238a88bdeb91030521f9262dc3abc6fdd8add33?s=96&d=mm&r=g","height":96,"width":96}},"publisher":{"@type":"Organization","name":"alisen.cz","logo":{"@type":"ImageObject","@id":"\/logo.png","url":"\/logo.png","width":600,"height":60}},"image":{"@type":"ImageObject","@id":"https:\/\/www.alisen.cz\/wp-content\/uploads\/panelak2_10_10_1.jpg","url":"https:\/\/www.alisen.cz\/wp-content\/uploads\/panelak2_10_10_1.jpg","height":0,"width":0},"wordCount":596,"keywords":null},{"@type":"Article","@id":"https:\/\/www.alisen.cz\/provedte-vase-pratele-ze-zahranici-ceskobudejovickem\/","headline":"Prove\u010fte va\u0161e p\u0159\u00e1tele ze zahrani\u010d\u00ed \u010ceskobud\u011bjovickem","url":"https:\/\/www.alisen.cz\/provedte-vase-pratele-ze-zahranici-ceskobudejovickem\/","datePublished":"2024-05-10","dateModified":"2024-06-10","mainEntityOfPage":"https:\/\/www.alisen.cz\/provedte-vase-pratele-ze-zahranici-ceskobudejovickem\/","author":{"@type":"Person","@id":"https:\/\/www.alisen.cz\/author\/#Person","name":"","url":"https:\/\/www.alisen.cz\/author\/","identifier":1,"image":{"@type":"ImageObject","@id":"https:\/\/secure.gravatar.com\/avatar\/d7705a23c50ede72936119380238a88bdeb91030521f9262dc3abc6fdd8add33?s=96&d=mm&r=g","url":"https:\/\/secure.gravatar.com\/avatar\/d7705a23c50ede72936119380238a88bdeb91030521f9262dc3abc6fdd8add33?s=96&d=mm&r=g","height":96,"width":96}},"publisher":{"@type":"Organization","name":"alisen.cz","logo":{"@type":"ImageObject","@id":"\/logo.png","url":"\/logo.png","width":600,"height":60}},"image":{"@type":"ImageObject","@id":"https:\/\/www.alisen.cz\/wp-content\/uploads\/june-5191792_640_1.jpg","url":"https:\/\/www.alisen.cz\/wp-content\/uploads\/june-5191792_640_1.jpg","height":0,"width":0},"wordCount":519,"keywords":null},{"@type":"Article","@id":"https:\/\/www.alisen.cz\/s-vestavenou-skrini-setrite-svuj-drahocenny-cas\/","headline":"S vestav\u011bnou sk\u0159\u00edn\u00ed \u0161et\u0159\u00edte sv\u016fj drahocenn\u00fd \u010das","url":"https:\/\/www.alisen.cz\/s-vestavenou-skrini-setrite-svuj-drahocenny-cas\/","datePublished":"2024-05-05","dateModified":"2024-06-20","mainEntityOfPage":"https:\/\/www.alisen.cz\/s-vestavenou-skrini-setrite-svuj-drahocenny-cas\/","author":{"@type":"Person","@id":"https:\/\/www.alisen.cz\/author\/#Person","name":"","url":"https:\/\/www.alisen.cz\/author\/","identifier":1,"image":{"@type":"ImageObject","@id":"https:\/\/secure.gravatar.com\/avatar\/d7705a23c50ede72936119380238a88bdeb91030521f9262dc3abc6fdd8add33?s=96&d=mm&r=g","url":"https:\/\/secure.gravatar.com\/avatar\/d7705a23c50ede72936119380238a88bdeb91030521f9262dc3abc6fdd8add33?s=96&d=mm&r=g","height":96,"width":96}},"publisher":{"@type":"Organization","name":"alisen.cz","logo":{"@type":"ImageObject","@id":"\/logo.png","url":"\/logo.png","width":600,"height":60}},"image":{"@type":"ImageObject","@id":"https:\/\/www.alisen.cz\/wp-content\/uploads\/closet-4696557_640_3.jpg","url":"https:\/\/www.alisen.cz\/wp-content\/uploads\/closet-4696557_640_3.jpg","height":0,"width":0},"wordCount":667,"keywords":null},{"@type":"Article","@id":"https:\/\/www.alisen.cz\/radost-ze-hry\/","headline":"Radost ze hry","url":"https:\/\/www.alisen.cz\/radost-ze-hry\/","datePublished":"2024-05-05","dateModified":"2024-06-05","mainEntityOfPage":"https:\/\/www.alisen.cz\/radost-ze-hry\/","author":{"@type":"Person","@id":"https:\/\/www.alisen.cz\/author\/#Person","name":"","url":"https:\/\/www.alisen.cz\/author\/","identifier":1,"image":{"@type":"ImageObject","@id":"https:\/\/secure.gravatar.com\/avatar\/d7705a23c50ede72936119380238a88bdeb91030521f9262dc3abc6fdd8add33?s=96&d=mm&r=g","url":"https:\/\/secure.gravatar.com\/avatar\/d7705a23c50ede72936119380238a88bdeb91030521f9262dc3abc6fdd8add33?s=96&d=mm&r=g","height":96,"width":96}},"publisher":{"@type":"Organization","name":"alisen.cz","logo":{"@type":"ImageObject","@id":"\/logo.png","url":"\/logo.png","width":600,"height":60}},"image":{"@type":"ImageObject","@id":"https:\/\/www.alisen.cz\/wp-content\/uploads\/china-4478084_960_720_1.jpg","url":"https:\/\/www.alisen.cz\/wp-content\/uploads\/china-4478084_960_720_1.jpg","height":0,"width":0},"wordCount":511,"keywords":null},{"@type":"Article","@id":"https:\/\/www.alisen.cz\/nechte-uklid-po-malovani-na-profesionalech\/","headline":"Nechte \u00faklid po malov\u00e1n\u00ed na profesion\u00e1lech","url":"https:\/\/www.alisen.cz\/nechte-uklid-po-malovani-na-profesionalech\/","datePublished":"2024-04-27","dateModified":"2024-04-27","mainEntityOfPage":"https:\/\/www.alisen.cz\/nechte-uklid-po-malovani-na-profesionalech\/","author":{"@type":"Person","@id":"https:\/\/www.alisen.cz\/author\/#Person","name":"","url":"https:\/\/www.alisen.cz\/author\/","identifier":1,"image":{"@type":"ImageObject","@id":"https:\/\/secure.gravatar.com\/avatar\/d7705a23c50ede72936119380238a88bdeb91030521f9262dc3abc6fdd8add33?s=96&d=mm&r=g","url":"https:\/\/secure.gravatar.com\/avatar\/d7705a23c50ede72936119380238a88bdeb91030521f9262dc3abc6fdd8add33?s=96&d=mm&r=g","height":96,"width":96}},"publisher":{"@type":"Organization","name":"alisen.cz","logo":{"@type":"ImageObject","@id":"\/logo.png","url":"\/logo.png","width":600,"height":60}},"image":{"@type":"ImageObject","@id":"https:\/\/www.alisen.cz\/wp-content\/uploads\/cleaning-4098410_640_10_10_10_10_2.jpg","url":"https:\/\/www.alisen.cz\/wp-content\/uploads\/cleaning-4098410_640_10_10_10_10_2.jpg","height":0,"width":0},"wordCount":644,"keywords":null},{"@type":"Article","@id":"https:\/\/www.alisen.cz\/loznice-v-modernim-stylu\/","headline":"Lo\u017enice v modern\u00edm stylu","url":"https:\/\/www.alisen.cz\/loznice-v-modernim-stylu\/","datePublished":"2024-04-02","dateModified":"2024-04-02","mainEntityOfPage":"https:\/\/www.alisen.cz\/loznice-v-modernim-stylu\/","author":{"@type":"Person","@id":"https:\/\/www.alisen.cz\/author\/#Person","name":"","url":"https:\/\/www.alisen.cz\/author\/","identifier":1,"image":{"@type":"ImageObject","@id":"https:\/\/secure.gravatar.com\/avatar\/d7705a23c50ede72936119380238a88bdeb91030521f9262dc3abc6fdd8add33?s=96&d=mm&r=g","url":"https:\/\/secure.gravatar.com\/avatar\/d7705a23c50ede72936119380238a88bdeb91030521f9262dc3abc6fdd8add33?s=96&d=mm&r=g","height":96,"width":96}},"publisher":{"@type":"Organization","name":"alisen.cz","logo":{"@type":"ImageObject","@id":"\/logo.png","url":"\/logo.png","width":600,"height":60}},"image":null,"wordCount":286,"keywords":null},{"@type":"Article","@id":"https:\/\/www.alisen.cz\/levne-hobby\/","headline":"Levn\u00e9 hobby","url":"https:\/\/www.alisen.cz\/levne-hobby\/","datePublished":"2024-03-31","dateModified":"2024-03-31","mainEntityOfPage":"https:\/\/www.alisen.cz\/levne-hobby\/","author":{"@type":"Person","@id":"https:\/\/www.alisen.cz\/author\/#Person","name":"","url":"https:\/\/www.alisen.cz\/author\/","identifier":1,"image":{"@type":"ImageObject","@id":"https:\/\/secure.gravatar.com\/avatar\/d7705a23c50ede72936119380238a88bdeb91030521f9262dc3abc6fdd8add33?s=96&d=mm&r=g","url":"https:\/\/secure.gravatar.com\/avatar\/d7705a23c50ede72936119380238a88bdeb91030521f9262dc3abc6fdd8add33?s=96&d=mm&r=g","height":96,"width":96}},"publisher":{"@type":"Organization","name":"alisen.cz","logo":{"@type":"ImageObject","@id":"\/logo.png","url":"\/logo.png","width":600,"height":60}},"image":{"@type":"ImageObject","@id":"https:\/\/www.alisen.cz\/wp-content\/uploads\/books-1842261_640.jpg","url":"https:\/\/www.alisen.cz\/wp-content\/uploads\/books-1842261_640.jpg","height":0,"width":0},"wordCount":582,"keywords":null}]},{"@context":"https:\/\/schema.org","@type":"WebSite","@id":"https:\/\/www.alisen.cz\/#website","name":"Alisen","url":"https:\/\/www.alisen.cz","potentialAction":{"@type":"SearchAction","target":"https:\/\/www.alisen.cz\/?s={search_term_string}","query-input":"required name=search_term_string"}}]