[{"@context":"https:\/\/schema.org\/","@type":"Blog","@id":"https:\/\/www.alisen.cz#Blog","headline":"Alisen","description":"\nNe v\u017edycky se m\u00e1me tak dob\u0159e, jak bychom si to p\u0159\u00e1li. A kdy\u017e chceme, abychom se m\u011bli l\u00edp, vyplat\u00ed se zam\u00ed\u0159it na tento web, kter\u00fd n\u00e1m nab\u00edz\u00ed \u017e\u00e1douc\u00ed pomoc.","url":"https:\/\/www.alisen.cz","hasPart":[{"@type":"Article","@id":"https:\/\/www.alisen.cz\/nahradte-ji\/","headline":"Nahra\u010fte ji","url":"https:\/\/www.alisen.cz\/nahradte-ji\/","datePublished":"2024-03-29","dateModified":"2024-03-29","mainEntityOfPage":"https:\/\/www.alisen.cz\/nahradte-ji\/","author":{"@type":"Person","@id":"https:\/\/www.alisen.cz\/author\/#Person","name":"","url":"https:\/\/www.alisen.cz\/author\/","identifier":1,"image":{"@type":"ImageObject","@id":"https:\/\/secure.gravatar.com\/avatar\/d7705a23c50ede72936119380238a88bdeb91030521f9262dc3abc6fdd8add33?s=96&d=mm&r=g","url":"https:\/\/secure.gravatar.com\/avatar\/d7705a23c50ede72936119380238a88bdeb91030521f9262dc3abc6fdd8add33?s=96&d=mm&r=g","height":96,"width":96}},"publisher":{"@type":"Organization","name":"alisen.cz","logo":{"@type":"ImageObject","@id":"\/logo.png","url":"\/logo.png","width":600,"height":60}},"image":{"@type":"ImageObject","@id":"https:\/\/www.alisen.cz\/wp-content\/uploads\/vaping-3576049_640.jpg","url":"https:\/\/www.alisen.cz\/wp-content\/uploads\/vaping-3576049_640.jpg","height":0,"width":0},"wordCount":539,"keywords":null},{"@type":"Article","@id":"https:\/\/www.alisen.cz\/pece-o-zvire\/","headline":"P\u00e9\u010de o zv\u00ed\u0159e","url":"https:\/\/www.alisen.cz\/pece-o-zvire\/","datePublished":"2024-03-26","dateModified":"2024-03-26","mainEntityOfPage":"https:\/\/www.alisen.cz\/pece-o-zvire\/","author":{"@type":"Person","@id":"https:\/\/www.alisen.cz\/author\/#Person","name":"","url":"https:\/\/www.alisen.cz\/author\/","identifier":1,"image":{"@type":"ImageObject","@id":"https:\/\/secure.gravatar.com\/avatar\/d7705a23c50ede72936119380238a88bdeb91030521f9262dc3abc6fdd8add33?s=96&d=mm&r=g","url":"https:\/\/secure.gravatar.com\/avatar\/d7705a23c50ede72936119380238a88bdeb91030521f9262dc3abc6fdd8add33?s=96&d=mm&r=g","height":96,"width":96}},"publisher":{"@type":"Organization","name":"alisen.cz","logo":{"@type":"ImageObject","@id":"\/logo.png","url":"\/logo.png","width":600,"height":60}},"image":{"@type":"ImageObject","@id":"https:\/\/www.alisen.cz\/wp-content\/uploads\/puppy-5124947_960_720.jpg","url":"https:\/\/www.alisen.cz\/wp-content\/uploads\/puppy-5124947_960_720.jpg","height":0,"width":0},"wordCount":553,"keywords":null},{"@type":"Article","@id":"https:\/\/www.alisen.cz\/objednejte-si-letenky-praha-pariz\/","headline":"Objednejte si letenky praha pa\u0159\u00ed\u017e","url":"https:\/\/www.alisen.cz\/objednejte-si-letenky-praha-pariz\/","datePublished":"2024-03-26","dateModified":"2024-03-26","mainEntityOfPage":"https:\/\/www.alisen.cz\/objednejte-si-letenky-praha-pariz\/","author":{"@type":"Person","@id":"https:\/\/www.alisen.cz\/author\/#Person","name":"","url":"https:\/\/www.alisen.cz\/author\/","identifier":1,"image":{"@type":"ImageObject","@id":"https:\/\/secure.gravatar.com\/avatar\/d7705a23c50ede72936119380238a88bdeb91030521f9262dc3abc6fdd8add33?s=96&d=mm&r=g","url":"https:\/\/secure.gravatar.com\/avatar\/d7705a23c50ede72936119380238a88bdeb91030521f9262dc3abc6fdd8add33?s=96&d=mm&r=g","height":96,"width":96}},"publisher":{"@type":"Organization","name":"alisen.cz","logo":{"@type":"ImageObject","@id":"\/logo.png","url":"\/logo.png","width":600,"height":60}},"image":null,"wordCount":280,"keywords":null},{"@type":"Article","@id":"https:\/\/www.alisen.cz\/fotbal-pro-vsechny\/","headline":"Fotbal pro v\u0161echny","url":"https:\/\/www.alisen.cz\/fotbal-pro-vsechny\/","datePublished":"2024-02-11","dateModified":"2024-02-11","mainEntityOfPage":"https:\/\/www.alisen.cz\/fotbal-pro-vsechny\/","author":{"@type":"Person","@id":"https:\/\/www.alisen.cz\/author\/#Person","name":"","url":"https:\/\/www.alisen.cz\/author\/","identifier":1,"image":{"@type":"ImageObject","@id":"https:\/\/secure.gravatar.com\/avatar\/d7705a23c50ede72936119380238a88bdeb91030521f9262dc3abc6fdd8add33?s=96&d=mm&r=g","url":"https:\/\/secure.gravatar.com\/avatar\/d7705a23c50ede72936119380238a88bdeb91030521f9262dc3abc6fdd8add33?s=96&d=mm&r=g","height":96,"width":96}},"publisher":{"@type":"Organization","name":"alisen.cz","logo":{"@type":"ImageObject","@id":"\/logo.png","url":"\/logo.png","width":600,"height":60}},"image":{"@type":"ImageObject","@id":"https:\/\/www.alisen.cz\/wp-content\/uploads\/soccer-3311817_1280.jpg","url":"https:\/\/www.alisen.cz\/wp-content\/uploads\/soccer-3311817_1280.jpg","height":0,"width":0},"wordCount":519,"keywords":null},{"@type":"Article","@id":"https:\/\/www.alisen.cz\/v-nasi-nabidce-mame-i-stinici-techniku\/","headline":"V na\u0161\u00ed nab\u00eddce m\u00e1me i st\u00edn\u00edc\u00ed techniku","url":"https:\/\/www.alisen.cz\/v-nasi-nabidce-mame-i-stinici-techniku\/","datePublished":"2024-01-30","dateModified":"2024-01-30","mainEntityOfPage":"https:\/\/www.alisen.cz\/v-nasi-nabidce-mame-i-stinici-techniku\/","author":{"@type":"Person","@id":"https:\/\/www.alisen.cz\/author\/#Person","name":"","url":"https:\/\/www.alisen.cz\/author\/","identifier":1,"image":{"@type":"ImageObject","@id":"https:\/\/secure.gravatar.com\/avatar\/d7705a23c50ede72936119380238a88bdeb91030521f9262dc3abc6fdd8add33?s=96&d=mm&r=g","url":"https:\/\/secure.gravatar.com\/avatar\/d7705a23c50ede72936119380238a88bdeb91030521f9262dc3abc6fdd8add33?s=96&d=mm&r=g","height":96,"width":96}},"publisher":{"@type":"Organization","name":"alisen.cz","logo":{"@type":"ImageObject","@id":"\/logo.png","url":"\/logo.png","width":600,"height":60}},"image":null,"wordCount":236,"keywords":null},{"@type":"Article","@id":"https:\/\/www.alisen.cz\/jak-na-pivo\/","headline":"Jak na pivo","url":"https:\/\/www.alisen.cz\/jak-na-pivo\/","datePublished":"2024-01-21","dateModified":"2024-01-21","mainEntityOfPage":"https:\/\/www.alisen.cz\/jak-na-pivo\/","author":{"@type":"Person","@id":"https:\/\/www.alisen.cz\/author\/#Person","name":"","url":"https:\/\/www.alisen.cz\/author\/","identifier":1,"image":{"@type":"ImageObject","@id":"https:\/\/secure.gravatar.com\/avatar\/d7705a23c50ede72936119380238a88bdeb91030521f9262dc3abc6fdd8add33?s=96&d=mm&r=g","url":"https:\/\/secure.gravatar.com\/avatar\/d7705a23c50ede72936119380238a88bdeb91030521f9262dc3abc6fdd8add33?s=96&d=mm&r=g","height":96,"width":96}},"publisher":{"@type":"Organization","name":"alisen.cz","logo":{"@type":"ImageObject","@id":"\/logo.png","url":"\/logo.png","width":600,"height":60}},"image":{"@type":"ImageObject","@id":"https:\/\/www.alisen.cz\/wp-content\/uploads\/crate-895939_960_720_10.jpg","url":"https:\/\/www.alisen.cz\/wp-content\/uploads\/crate-895939_960_720_10.jpg","height":0,"width":0},"wordCount":542,"keywords":null},{"@type":"Article","@id":"https:\/\/www.alisen.cz\/zaliba-ve-sportu\/","headline":"Z\u00e1liba ve sportu","url":"https:\/\/www.alisen.cz\/zaliba-ve-sportu\/","datePublished":"2024-01-13","dateModified":"2024-01-13","mainEntityOfPage":"https:\/\/www.alisen.cz\/zaliba-ve-sportu\/","author":{"@type":"Person","@id":"https:\/\/www.alisen.cz\/author\/#Person","name":"","url":"https:\/\/www.alisen.cz\/author\/","identifier":1,"image":{"@type":"ImageObject","@id":"https:\/\/secure.gravatar.com\/avatar\/d7705a23c50ede72936119380238a88bdeb91030521f9262dc3abc6fdd8add33?s=96&d=mm&r=g","url":"https:\/\/secure.gravatar.com\/avatar\/d7705a23c50ede72936119380238a88bdeb91030521f9262dc3abc6fdd8add33?s=96&d=mm&r=g","height":96,"width":96}},"publisher":{"@type":"Organization","name":"alisen.cz","logo":{"@type":"ImageObject","@id":"\/logo.png","url":"\/logo.png","width":600,"height":60}},"image":{"@type":"ImageObject","@id":"https:\/\/www.alisen.cz\/wp-content\/uploads\/zumba-4333580_1280.jpg","url":"https:\/\/www.alisen.cz\/wp-content\/uploads\/zumba-4333580_1280.jpg","height":0,"width":0},"wordCount":542,"keywords":null},{"@type":"Article","@id":"https:\/\/www.alisen.cz\/sluzby-jako-digitalni-ofsetovy-tisk-tvorbu-webu-a-dalsi-jsou-tu-pro-vas\/","headline":"Slu\u017eby jako digit\u00e1ln\u00ed ofsetov\u00fd tisk, tvorbu web\u016f a dal\u0161\u00ed jsou tu pro v\u00e1s","url":"https:\/\/www.alisen.cz\/sluzby-jako-digitalni-ofsetovy-tisk-tvorbu-webu-a-dalsi-jsou-tu-pro-vas\/","datePublished":"2023-12-28","dateModified":"2023-12-28","mainEntityOfPage":"https:\/\/www.alisen.cz\/sluzby-jako-digitalni-ofsetovy-tisk-tvorbu-webu-a-dalsi-jsou-tu-pro-vas\/","author":{"@type":"Person","@id":"https:\/\/www.alisen.cz\/author\/#Person","name":"","url":"https:\/\/www.alisen.cz\/author\/","identifier":1,"image":{"@type":"ImageObject","@id":"https:\/\/secure.gravatar.com\/avatar\/d7705a23c50ede72936119380238a88bdeb91030521f9262dc3abc6fdd8add33?s=96&d=mm&r=g","url":"https:\/\/secure.gravatar.com\/avatar\/d7705a23c50ede72936119380238a88bdeb91030521f9262dc3abc6fdd8add33?s=96&d=mm&r=g","height":96,"width":96}},"publisher":{"@type":"Organization","name":"alisen.cz","logo":{"@type":"ImageObject","@id":"\/logo.png","url":"\/logo.png","width":600,"height":60}},"image":null,"wordCount":264,"keywords":null},{"@type":"Article","@id":"https:\/\/www.alisen.cz\/jakou-roli-hraji-barvy-pri-navrhovani-interieru\/","headline":"Jakou roli hraj\u00ed barvy p\u0159i navrhov\u00e1n\u00ed interi\u00e9r\u016f","url":"https:\/\/www.alisen.cz\/jakou-roli-hraji-barvy-pri-navrhovani-interieru\/","datePublished":"2023-12-26","dateModified":"2023-12-26","mainEntityOfPage":"https:\/\/www.alisen.cz\/jakou-roli-hraji-barvy-pri-navrhovani-interieru\/","author":{"@type":"Person","@id":"https:\/\/www.alisen.cz\/author\/#Person","name":"","url":"https:\/\/www.alisen.cz\/author\/","identifier":1,"image":{"@type":"ImageObject","@id":"https:\/\/secure.gravatar.com\/avatar\/d7705a23c50ede72936119380238a88bdeb91030521f9262dc3abc6fdd8add33?s=96&d=mm&r=g","url":"https:\/\/secure.gravatar.com\/avatar\/d7705a23c50ede72936119380238a88bdeb91030521f9262dc3abc6fdd8add33?s=96&d=mm&r=g","height":96,"width":96}},"publisher":{"@type":"Organization","name":"alisen.cz","logo":{"@type":"ImageObject","@id":"\/logo.png","url":"\/logo.png","width":600,"height":60}},"image":{"@type":"ImageObject","@id":"https:\/\/www.alisen.cz\/wp-content\/uploads\/home-3429674_640.jpg","url":"https:\/\/www.alisen.cz\/wp-content\/uploads\/home-3429674_640.jpg","height":0,"width":0},"wordCount":538,"keywords":null},{"@type":"Article","@id":"https:\/\/www.alisen.cz\/prace-a-studium\/","headline":"Pr\u00e1ce a studium","url":"https:\/\/www.alisen.cz\/prace-a-studium\/","datePublished":"2023-12-25","dateModified":"2023-12-25","mainEntityOfPage":"https:\/\/www.alisen.cz\/prace-a-studium\/","author":{"@type":"Person","@id":"https:\/\/www.alisen.cz\/author\/#Person","name":"","url":"https:\/\/www.alisen.cz\/author\/","identifier":1,"image":{"@type":"ImageObject","@id":"https:\/\/secure.gravatar.com\/avatar\/d7705a23c50ede72936119380238a88bdeb91030521f9262dc3abc6fdd8add33?s=96&d=mm&r=g","url":"https:\/\/secure.gravatar.com\/avatar\/d7705a23c50ede72936119380238a88bdeb91030521f9262dc3abc6fdd8add33?s=96&d=mm&r=g","height":96,"width":96}},"publisher":{"@type":"Organization","name":"alisen.cz","logo":{"@type":"ImageObject","@id":"\/logo.png","url":"\/logo.png","width":600,"height":60}},"image":{"@type":"ImageObject","@id":"https:\/\/www.alisen.cz\/wp-content\/uploads\/person-5582976_1280.jpg","url":"https:\/\/www.alisen.cz\/wp-content\/uploads\/person-5582976_1280.jpg","height":0,"width":0},"wordCount":530,"keywords":null}]},{"@context":"https:\/\/schema.org","@type":"WebSite","@id":"https:\/\/www.alisen.cz\/#website","name":"Alisen","url":"https:\/\/www.alisen.cz","potentialAction":{"@type":"SearchAction","target":"https:\/\/www.alisen.cz\/?s={search_term_string}","query-input":"required name=search_term_string"}}]