[{"@context":"https:\/\/schema.org\/","@type":"Blog","@id":"https:\/\/www.alisen.cz#Blog","headline":"Alisen","description":"\nNe v\u017edycky se m\u00e1me tak dob\u0159e, jak bychom si to p\u0159\u00e1li. A kdy\u017e chceme, abychom se m\u011bli l\u00edp, vyplat\u00ed se zam\u00ed\u0159it na tento web, kter\u00fd n\u00e1m nab\u00edz\u00ed \u017e\u00e1douc\u00ed pomoc.","url":"https:\/\/www.alisen.cz","hasPart":[{"@type":"Article","@id":"https:\/\/www.alisen.cz\/nenaletet\/","headline":"Nenalet\u011bt!","url":"https:\/\/www.alisen.cz\/nenaletet\/","datePublished":"2024-11-28","dateModified":"2024-11-28","mainEntityOfPage":"https:\/\/www.alisen.cz\/nenaletet\/","author":{"@type":"Person","@id":"https:\/\/www.alisen.cz\/author\/#Person","name":"","url":"https:\/\/www.alisen.cz\/author\/","identifier":1,"image":{"@type":"ImageObject","@id":"https:\/\/secure.gravatar.com\/avatar\/d7705a23c50ede72936119380238a88bdeb91030521f9262dc3abc6fdd8add33?s=96&d=mm&r=g","url":"https:\/\/secure.gravatar.com\/avatar\/d7705a23c50ede72936119380238a88bdeb91030521f9262dc3abc6fdd8add33?s=96&d=mm&r=g","height":96,"width":96}},"publisher":{"@type":"Organization","name":"alisen.cz","logo":{"@type":"ImageObject","@id":"\/logo.png","url":"\/logo.png","width":600,"height":60}},"image":null,"wordCount":257,"keywords":null},{"@type":"Article","@id":"https:\/\/www.alisen.cz\/nejblystivejsi-sperky-najdete-jen-u-nas\/","headline":"Nejbly\u0161tiv\u011bj\u0161\u00ed \u0161perky najdete jen u n\u00e1s","url":"https:\/\/www.alisen.cz\/nejblystivejsi-sperky-najdete-jen-u-nas\/","datePublished":"2024-11-23","dateModified":"2024-11-23","mainEntityOfPage":"https:\/\/www.alisen.cz\/nejblystivejsi-sperky-najdete-jen-u-nas\/","author":{"@type":"Person","@id":"https:\/\/www.alisen.cz\/author\/#Person","name":"","url":"https:\/\/www.alisen.cz\/author\/","identifier":1,"image":{"@type":"ImageObject","@id":"https:\/\/secure.gravatar.com\/avatar\/d7705a23c50ede72936119380238a88bdeb91030521f9262dc3abc6fdd8add33?s=96&d=mm&r=g","url":"https:\/\/secure.gravatar.com\/avatar\/d7705a23c50ede72936119380238a88bdeb91030521f9262dc3abc6fdd8add33?s=96&d=mm&r=g","height":96,"width":96}},"publisher":{"@type":"Organization","name":"alisen.cz","logo":{"@type":"ImageObject","@id":"\/logo.png","url":"\/logo.png","width":600,"height":60}},"image":null,"wordCount":210,"keywords":null},{"@type":"Article","@id":"https:\/\/www.alisen.cz\/precizni-zpracovani-a-vzajemna-dohoda\/","headline":"Precizn\u00ed zpracov\u00e1n\u00ed a vz\u00e1jemn\u00e1 dohoda","url":"https:\/\/www.alisen.cz\/precizni-zpracovani-a-vzajemna-dohoda\/","datePublished":"2024-11-16","dateModified":"2024-11-16","mainEntityOfPage":"https:\/\/www.alisen.cz\/precizni-zpracovani-a-vzajemna-dohoda\/","author":{"@type":"Person","@id":"https:\/\/www.alisen.cz\/author\/#Person","name":"","url":"https:\/\/www.alisen.cz\/author\/","identifier":1,"image":{"@type":"ImageObject","@id":"https:\/\/secure.gravatar.com\/avatar\/d7705a23c50ede72936119380238a88bdeb91030521f9262dc3abc6fdd8add33?s=96&d=mm&r=g","url":"https:\/\/secure.gravatar.com\/avatar\/d7705a23c50ede72936119380238a88bdeb91030521f9262dc3abc6fdd8add33?s=96&d=mm&r=g","height":96,"width":96}},"publisher":{"@type":"Organization","name":"alisen.cz","logo":{"@type":"ImageObject","@id":"\/logo.png","url":"\/logo.png","width":600,"height":60}},"image":null,"wordCount":276,"keywords":null},{"@type":"Article","@id":"https:\/\/www.alisen.cz\/cim-obdarovat-vasi-maminku-o-vanocich\/","headline":"\u010c\u00edm obdarovat va\u0161i maminku o V\u00e1noc\u00edch?","url":"https:\/\/www.alisen.cz\/cim-obdarovat-vasi-maminku-o-vanocich\/","datePublished":"2024-11-09","dateModified":"2024-11-09","mainEntityOfPage":"https:\/\/www.alisen.cz\/cim-obdarovat-vasi-maminku-o-vanocich\/","author":{"@type":"Person","@id":"https:\/\/www.alisen.cz\/author\/#Person","name":"","url":"https:\/\/www.alisen.cz\/author\/","identifier":1,"image":{"@type":"ImageObject","@id":"https:\/\/secure.gravatar.com\/avatar\/d7705a23c50ede72936119380238a88bdeb91030521f9262dc3abc6fdd8add33?s=96&d=mm&r=g","url":"https:\/\/secure.gravatar.com\/avatar\/d7705a23c50ede72936119380238a88bdeb91030521f9262dc3abc6fdd8add33?s=96&d=mm&r=g","height":96,"width":96}},"publisher":{"@type":"Organization","name":"alisen.cz","logo":{"@type":"ImageObject","@id":"\/logo.png","url":"\/logo.png","width":600,"height":60}},"image":{"@type":"ImageObject","@id":"https:\/\/www.alisen.cz\/wp-content\/uploads\/valeriia-miller-_42NKYROG7g-unsplash.jpg","url":"https:\/\/www.alisen.cz\/wp-content\/uploads\/valeriia-miller-_42NKYROG7g-unsplash.jpg","height":0,"width":0},"wordCount":607,"keywords":null},{"@type":"Article","@id":"https:\/\/www.alisen.cz\/proc-vyuzit-sluzeb-reklamni-agentury\/","headline":"Pro\u010d vyu\u017e\u00edt slu\u017eeb reklamn\u00ed agentury?","url":"https:\/\/www.alisen.cz\/proc-vyuzit-sluzeb-reklamni-agentury\/","datePublished":"2024-11-09","dateModified":"2024-10-12","mainEntityOfPage":"https:\/\/www.alisen.cz\/proc-vyuzit-sluzeb-reklamni-agentury\/","author":{"@type":"Person","@id":"https:\/\/www.alisen.cz\/author\/#Person","name":"","url":"https:\/\/www.alisen.cz\/author\/","identifier":1,"image":{"@type":"ImageObject","@id":"https:\/\/secure.gravatar.com\/avatar\/d7705a23c50ede72936119380238a88bdeb91030521f9262dc3abc6fdd8add33?s=96&d=mm&r=g","url":"https:\/\/secure.gravatar.com\/avatar\/d7705a23c50ede72936119380238a88bdeb91030521f9262dc3abc6fdd8add33?s=96&d=mm&r=g","height":96,"width":96}},"publisher":{"@type":"Organization","name":"alisen.cz","logo":{"@type":"ImageObject","@id":"\/logo.png","url":"\/logo.png","width":600,"height":60}},"image":{"@type":"ImageObject","@id":"https:\/\/www.alisen.cz\/wp-content\/uploads\/digital-marketing-4229637_640_2.jpg","url":"https:\/\/www.alisen.cz\/wp-content\/uploads\/digital-marketing-4229637_640_2.jpg","height":0,"width":0},"wordCount":613,"keywords":null},{"@type":"Article","@id":"https:\/\/www.alisen.cz\/vyberte-neco-krasneho\/","headline":"Vyberte n\u011bco kr\u00e1sn\u00e9ho","url":"https:\/\/www.alisen.cz\/vyberte-neco-krasneho\/","datePublished":"2024-11-07","dateModified":"2024-11-07","mainEntityOfPage":"https:\/\/www.alisen.cz\/vyberte-neco-krasneho\/","author":{"@type":"Person","@id":"https:\/\/www.alisen.cz\/author\/#Person","name":"","url":"https:\/\/www.alisen.cz\/author\/","identifier":1,"image":{"@type":"ImageObject","@id":"https:\/\/secure.gravatar.com\/avatar\/d7705a23c50ede72936119380238a88bdeb91030521f9262dc3abc6fdd8add33?s=96&d=mm&r=g","url":"https:\/\/secure.gravatar.com\/avatar\/d7705a23c50ede72936119380238a88bdeb91030521f9262dc3abc6fdd8add33?s=96&d=mm&r=g","height":96,"width":96}},"publisher":{"@type":"Organization","name":"alisen.cz","logo":{"@type":"ImageObject","@id":"\/logo.png","url":"\/logo.png","width":600,"height":60}},"image":null,"wordCount":234,"keywords":null},{"@type":"Article","@id":"https:\/\/www.alisen.cz\/co-pro-vas-znamena-profesionalni-uklid-panelaku\/","headline":"Co pro v\u00e1s znamen\u00e1 profesion\u00e1ln\u00ed \u00faklid panel\u00e1ku","url":"https:\/\/www.alisen.cz\/co-pro-vas-znamena-profesionalni-uklid-panelaku\/","datePublished":"2024-11-05","dateModified":"2024-11-05","mainEntityOfPage":"https:\/\/www.alisen.cz\/co-pro-vas-znamena-profesionalni-uklid-panelaku\/","author":{"@type":"Person","@id":"https:\/\/www.alisen.cz\/author\/#Person","name":"","url":"https:\/\/www.alisen.cz\/author\/","identifier":1,"image":{"@type":"ImageObject","@id":"https:\/\/secure.gravatar.com\/avatar\/d7705a23c50ede72936119380238a88bdeb91030521f9262dc3abc6fdd8add33?s=96&d=mm&r=g","url":"https:\/\/secure.gravatar.com\/avatar\/d7705a23c50ede72936119380238a88bdeb91030521f9262dc3abc6fdd8add33?s=96&d=mm&r=g","height":96,"width":96}},"publisher":{"@type":"Organization","name":"alisen.cz","logo":{"@type":"ImageObject","@id":"\/logo.png","url":"\/logo.png","width":600,"height":60}},"image":{"@type":"ImageObject","@id":"https:\/\/www.alisen.cz\/wp-content\/uploads\/landscape-929805_640_3.jpg","url":"https:\/\/www.alisen.cz\/wp-content\/uploads\/landscape-929805_640_3.jpg","height":0,"width":0},"wordCount":670,"keywords":null},{"@type":"Article","@id":"https:\/\/www.alisen.cz\/vyuzijte-moderni-styl\/","headline":"Vyu\u017eijte modern\u00ed styl","url":"https:\/\/www.alisen.cz\/vyuzijte-moderni-styl\/","datePublished":"2024-11-03","dateModified":"2024-11-03","mainEntityOfPage":"https:\/\/www.alisen.cz\/vyuzijte-moderni-styl\/","author":{"@type":"Person","@id":"https:\/\/www.alisen.cz\/author\/#Person","name":"","url":"https:\/\/www.alisen.cz\/author\/","identifier":1,"image":{"@type":"ImageObject","@id":"https:\/\/secure.gravatar.com\/avatar\/d7705a23c50ede72936119380238a88bdeb91030521f9262dc3abc6fdd8add33?s=96&d=mm&r=g","url":"https:\/\/secure.gravatar.com\/avatar\/d7705a23c50ede72936119380238a88bdeb91030521f9262dc3abc6fdd8add33?s=96&d=mm&r=g","height":96,"width":96}},"publisher":{"@type":"Organization","name":"alisen.cz","logo":{"@type":"ImageObject","@id":"\/logo.png","url":"\/logo.png","width":600,"height":60}},"image":null,"wordCount":296,"keywords":null},{"@type":"Article","@id":"https:\/\/www.alisen.cz\/lecby-alkoholismu-neni-treba-se-obavat\/","headline":"L\u00e9\u010dby alkoholismu nen\u00ed t\u0159eba se ob\u00e1vat","url":"https:\/\/www.alisen.cz\/lecby-alkoholismu-neni-treba-se-obavat\/","datePublished":"2024-10-23","dateModified":"2024-10-23","mainEntityOfPage":"https:\/\/www.alisen.cz\/lecby-alkoholismu-neni-treba-se-obavat\/","author":{"@type":"Person","@id":"https:\/\/www.alisen.cz\/author\/#Person","name":"","url":"https:\/\/www.alisen.cz\/author\/","identifier":1,"image":{"@type":"ImageObject","@id":"https:\/\/secure.gravatar.com\/avatar\/d7705a23c50ede72936119380238a88bdeb91030521f9262dc3abc6fdd8add33?s=96&d=mm&r=g","url":"https:\/\/secure.gravatar.com\/avatar\/d7705a23c50ede72936119380238a88bdeb91030521f9262dc3abc6fdd8add33?s=96&d=mm&r=g","height":96,"width":96}},"publisher":{"@type":"Organization","name":"alisen.cz","logo":{"@type":"ImageObject","@id":"\/logo.png","url":"\/logo.png","width":600,"height":60}},"image":null,"wordCount":303,"keywords":null},{"@type":"Article","@id":"https:\/\/www.alisen.cz\/chcete-mit-moderni-dum\/","headline":"Chcete m\u00edt modern\u00ed d\u016fm?","url":"https:\/\/www.alisen.cz\/chcete-mit-moderni-dum\/","datePublished":"2024-10-19","dateModified":"2024-10-19","mainEntityOfPage":"https:\/\/www.alisen.cz\/chcete-mit-moderni-dum\/","author":{"@type":"Person","@id":"https:\/\/www.alisen.cz\/author\/#Person","name":"","url":"https:\/\/www.alisen.cz\/author\/","identifier":1,"image":{"@type":"ImageObject","@id":"https:\/\/secure.gravatar.com\/avatar\/d7705a23c50ede72936119380238a88bdeb91030521f9262dc3abc6fdd8add33?s=96&d=mm&r=g","url":"https:\/\/secure.gravatar.com\/avatar\/d7705a23c50ede72936119380238a88bdeb91030521f9262dc3abc6fdd8add33?s=96&d=mm&r=g","height":96,"width":96}},"publisher":{"@type":"Organization","name":"alisen.cz","logo":{"@type":"ImageObject","@id":"\/logo.png","url":"\/logo.png","width":600,"height":60}},"image":{"@type":"ImageObject","@id":"https:\/\/www.alisen.cz\/wp-content\/uploads\/key-2323278_640_10_10_10_10_10_10_10_10_10_10_4.jpg","url":"https:\/\/www.alisen.cz\/wp-content\/uploads\/key-2323278_640_10_10_10_10_10_10_10_10_10_10_4.jpg","height":0,"width":0},"wordCount":601,"keywords":null}]},{"@context":"https:\/\/schema.org","@type":"WebSite","@id":"https:\/\/www.alisen.cz\/#website","name":"Alisen","url":"https:\/\/www.alisen.cz","potentialAction":{"@type":"SearchAction","target":"https:\/\/www.alisen.cz\/?s={search_term_string}","query-input":"required name=search_term_string"}}]