[{"@context":"https:\/\/schema.org\/","@type":"Blog","@id":"https:\/\/www.alisen.cz#Blog","headline":"Alisen","description":"\nNe v\u017edycky se m\u00e1me tak dob\u0159e, jak bychom si to p\u0159\u00e1li. A kdy\u017e chceme, abychom se m\u011bli l\u00edp, vyplat\u00ed se zam\u00ed\u0159it na tento web, kter\u00fd n\u00e1m nab\u00edz\u00ed \u017e\u00e1douc\u00ed pomoc.","url":"https:\/\/www.alisen.cz","hasPart":[{"@type":"Article","@id":"https:\/\/www.alisen.cz\/splatky-a-hypoteka\/","headline":"Spl\u00e1tky a hypot\u00e9ka","url":"https:\/\/www.alisen.cz\/splatky-a-hypoteka\/","datePublished":"2024-08-18","dateModified":"2024-08-18","mainEntityOfPage":"https:\/\/www.alisen.cz\/splatky-a-hypoteka\/","author":{"@type":"Person","@id":"https:\/\/www.alisen.cz\/author\/#Person","name":"","url":"https:\/\/www.alisen.cz\/author\/","identifier":1,"image":{"@type":"ImageObject","@id":"https:\/\/secure.gravatar.com\/avatar\/d7705a23c50ede72936119380238a88bdeb91030521f9262dc3abc6fdd8add33?s=96&d=mm&r=g","url":"https:\/\/secure.gravatar.com\/avatar\/d7705a23c50ede72936119380238a88bdeb91030521f9262dc3abc6fdd8add33?s=96&d=mm&r=g","height":96,"width":96}},"publisher":{"@type":"Organization","name":"alisen.cz","logo":{"@type":"ImageObject","@id":"\/logo.png","url":"\/logo.png","width":600,"height":60}},"image":{"@type":"ImageObject","@id":"https:\/\/www.alisen.cz\/wp-content\/uploads\/house-2375119_1280_1.jpg","url":"https:\/\/www.alisen.cz\/wp-content\/uploads\/house-2375119_1280_1.jpg","height":0,"width":0},"wordCount":563,"keywords":null},{"@type":"Article","@id":"https:\/\/www.alisen.cz\/na-sazavu-se-bez-plaveckeho-vycviku-vubec-nepoustejte\/","headline":"Na S\u00e1zavu se bez plaveck\u00e9ho v\u00fdcviku v\u016fbec nepou\u0161t\u011bjte","url":"https:\/\/www.alisen.cz\/na-sazavu-se-bez-plaveckeho-vycviku-vubec-nepoustejte\/","datePublished":"2024-08-18","dateModified":"2024-08-18","mainEntityOfPage":"https:\/\/www.alisen.cz\/na-sazavu-se-bez-plaveckeho-vycviku-vubec-nepoustejte\/","author":{"@type":"Person","@id":"https:\/\/www.alisen.cz\/author\/#Person","name":"","url":"https:\/\/www.alisen.cz\/author\/","identifier":1,"image":{"@type":"ImageObject","@id":"https:\/\/secure.gravatar.com\/avatar\/d7705a23c50ede72936119380238a88bdeb91030521f9262dc3abc6fdd8add33?s=96&d=mm&r=g","url":"https:\/\/secure.gravatar.com\/avatar\/d7705a23c50ede72936119380238a88bdeb91030521f9262dc3abc6fdd8add33?s=96&d=mm&r=g","height":96,"width":96}},"publisher":{"@type":"Organization","name":"alisen.cz","logo":{"@type":"ImageObject","@id":"\/logo.png","url":"\/logo.png","width":600,"height":60}},"image":{"@type":"ImageObject","@id":"https:\/\/www.alisen.cz\/wp-content\/uploads\/sazava-3512430_640_10.jpg","url":"https:\/\/www.alisen.cz\/wp-content\/uploads\/sazava-3512430_640_10.jpg","height":0,"width":0},"wordCount":610,"keywords":null},{"@type":"Article","@id":"https:\/\/www.alisen.cz\/virtualni-sidlo-firmy-v-praze-ma-sve-vyhody\/","headline":"Virtu\u00e1ln\u00ed s\u00eddlo firmy v Praze m\u00e1 sv\u00e9 v\u00fdhody","url":"https:\/\/www.alisen.cz\/virtualni-sidlo-firmy-v-praze-ma-sve-vyhody\/","datePublished":"2024-08-16","dateModified":"2024-08-16","mainEntityOfPage":"https:\/\/www.alisen.cz\/virtualni-sidlo-firmy-v-praze-ma-sve-vyhody\/","author":{"@type":"Person","@id":"https:\/\/www.alisen.cz\/author\/#Person","name":"","url":"https:\/\/www.alisen.cz\/author\/","identifier":1,"image":{"@type":"ImageObject","@id":"https:\/\/secure.gravatar.com\/avatar\/d7705a23c50ede72936119380238a88bdeb91030521f9262dc3abc6fdd8add33?s=96&d=mm&r=g","url":"https:\/\/secure.gravatar.com\/avatar\/d7705a23c50ede72936119380238a88bdeb91030521f9262dc3abc6fdd8add33?s=96&d=mm&r=g","height":96,"width":96}},"publisher":{"@type":"Organization","name":"alisen.cz","logo":{"@type":"ImageObject","@id":"\/logo.png","url":"\/logo.png","width":600,"height":60}},"image":{"@type":"ImageObject","@id":"https:\/\/www.alisen.cz\/wp-content\/uploads\/prague-4484518_640.jpg","url":"https:\/\/www.alisen.cz\/wp-content\/uploads\/prague-4484518_640.jpg","height":0,"width":0},"wordCount":669,"keywords":null},{"@type":"Article","@id":"https:\/\/www.alisen.cz\/stenice-v-byte\/","headline":"\u0160t\u011bnice v byt\u011b","url":"https:\/\/www.alisen.cz\/stenice-v-byte\/","datePublished":"2024-08-16","dateModified":"2024-08-16","mainEntityOfPage":"https:\/\/www.alisen.cz\/stenice-v-byte\/","author":{"@type":"Person","@id":"https:\/\/www.alisen.cz\/author\/#Person","name":"","url":"https:\/\/www.alisen.cz\/author\/","identifier":1,"image":{"@type":"ImageObject","@id":"https:\/\/secure.gravatar.com\/avatar\/d7705a23c50ede72936119380238a88bdeb91030521f9262dc3abc6fdd8add33?s=96&d=mm&r=g","url":"https:\/\/secure.gravatar.com\/avatar\/d7705a23c50ede72936119380238a88bdeb91030521f9262dc3abc6fdd8add33?s=96&d=mm&r=g","height":96,"width":96}},"publisher":{"@type":"Organization","name":"alisen.cz","logo":{"@type":"ImageObject","@id":"\/logo.png","url":"\/logo.png","width":600,"height":60}},"image":{"@type":"ImageObject","@id":"https:\/\/www.alisen.cz\/wp-content\/uploads\/%C5%A1t%C4%9Bnic.jpg","url":"https:\/\/www.alisen.cz\/wp-content\/uploads\/%C5%A1t%C4%9Bnic.jpg","height":0,"width":0},"wordCount":532,"keywords":null},{"@type":"Article","@id":"https:\/\/www.alisen.cz\/moznost-mit-ho-po-ruce\/","headline":"Mo\u017enost, m\u00edt ho po ruce","url":"https:\/\/www.alisen.cz\/moznost-mit-ho-po-ruce\/","datePublished":"2024-08-13","dateModified":"2024-08-13","mainEntityOfPage":"https:\/\/www.alisen.cz\/moznost-mit-ho-po-ruce\/","author":{"@type":"Person","@id":"https:\/\/www.alisen.cz\/author\/#Person","name":"","url":"https:\/\/www.alisen.cz\/author\/","identifier":1,"image":{"@type":"ImageObject","@id":"https:\/\/secure.gravatar.com\/avatar\/d7705a23c50ede72936119380238a88bdeb91030521f9262dc3abc6fdd8add33?s=96&d=mm&r=g","url":"https:\/\/secure.gravatar.com\/avatar\/d7705a23c50ede72936119380238a88bdeb91030521f9262dc3abc6fdd8add33?s=96&d=mm&r=g","height":96,"width":96}},"publisher":{"@type":"Organization","name":"alisen.cz","logo":{"@type":"ImageObject","@id":"\/logo.png","url":"\/logo.png","width":600,"height":60}},"image":{"@type":"ImageObject","@id":"https:\/\/www.alisen.cz\/wp-content\/uploads\/pexels-jeshoots-4322.jpg","url":"https:\/\/www.alisen.cz\/wp-content\/uploads\/pexels-jeshoots-4322.jpg","height":0,"width":0},"wordCount":543,"keywords":null},{"@type":"Article","@id":"https:\/\/www.alisen.cz\/co-nesmi-kovovyrobcum-chybet\/","headline":"Co nesm\u00ed kovov\u00fdrobc\u016fm chyb\u011bt?","url":"https:\/\/www.alisen.cz\/co-nesmi-kovovyrobcum-chybet\/","datePublished":"2024-08-12","dateModified":"2024-08-12","mainEntityOfPage":"https:\/\/www.alisen.cz\/co-nesmi-kovovyrobcum-chybet\/","author":{"@type":"Person","@id":"https:\/\/www.alisen.cz\/author\/#Person","name":"","url":"https:\/\/www.alisen.cz\/author\/","identifier":1,"image":{"@type":"ImageObject","@id":"https:\/\/secure.gravatar.com\/avatar\/d7705a23c50ede72936119380238a88bdeb91030521f9262dc3abc6fdd8add33?s=96&d=mm&r=g","url":"https:\/\/secure.gravatar.com\/avatar\/d7705a23c50ede72936119380238a88bdeb91030521f9262dc3abc6fdd8add33?s=96&d=mm&r=g","height":96,"width":96}},"publisher":{"@type":"Organization","name":"alisen.cz","logo":{"@type":"ImageObject","@id":"\/logo.png","url":"\/logo.png","width":600,"height":60}},"image":{"@type":"ImageObject","@id":"https:\/\/www.alisen.cz\/wp-content\/uploads\/kkkkkk_5.jpg","url":"https:\/\/www.alisen.cz\/wp-content\/uploads\/kkkkkk_5.jpg","height":0,"width":0},"wordCount":566,"keywords":null},{"@type":"Article","@id":"https:\/\/www.alisen.cz\/mate-auto-v-servisu\/","headline":"M\u00e1te auto v servisu?","url":"https:\/\/www.alisen.cz\/mate-auto-v-servisu\/","datePublished":"2024-08-11","dateModified":"2024-08-11","mainEntityOfPage":"https:\/\/www.alisen.cz\/mate-auto-v-servisu\/","author":{"@type":"Person","@id":"https:\/\/www.alisen.cz\/author\/#Person","name":"","url":"https:\/\/www.alisen.cz\/author\/","identifier":1,"image":{"@type":"ImageObject","@id":"https:\/\/secure.gravatar.com\/avatar\/d7705a23c50ede72936119380238a88bdeb91030521f9262dc3abc6fdd8add33?s=96&d=mm&r=g","url":"https:\/\/secure.gravatar.com\/avatar\/d7705a23c50ede72936119380238a88bdeb91030521f9262dc3abc6fdd8add33?s=96&d=mm&r=g","height":96,"width":96}},"publisher":{"@type":"Organization","name":"alisen.cz","logo":{"@type":"ImageObject","@id":"\/logo.png","url":"\/logo.png","width":600,"height":60}},"image":{"@type":"ImageObject","@id":"https:\/\/www.alisen.cz\/wp-content\/uploads\/car-wallpapers-g2b38dfe75_640_10_10_8.jpg","url":"https:\/\/www.alisen.cz\/wp-content\/uploads\/car-wallpapers-g2b38dfe75_640_10_10_8.jpg","height":0,"width":0},"wordCount":547,"keywords":null},{"@type":"Article","@id":"https:\/\/www.alisen.cz\/skvele-bydleni-pro-celou-rodinu\/","headline":"Skv\u011bl\u00e9 bydlen\u00ed pro celou rodinu","url":"https:\/\/www.alisen.cz\/skvele-bydleni-pro-celou-rodinu\/","datePublished":"2024-08-09","dateModified":"2024-08-09","mainEntityOfPage":"https:\/\/www.alisen.cz\/skvele-bydleni-pro-celou-rodinu\/","author":{"@type":"Person","@id":"https:\/\/www.alisen.cz\/author\/#Person","name":"","url":"https:\/\/www.alisen.cz\/author\/","identifier":1,"image":{"@type":"ImageObject","@id":"https:\/\/secure.gravatar.com\/avatar\/d7705a23c50ede72936119380238a88bdeb91030521f9262dc3abc6fdd8add33?s=96&d=mm&r=g","url":"https:\/\/secure.gravatar.com\/avatar\/d7705a23c50ede72936119380238a88bdeb91030521f9262dc3abc6fdd8add33?s=96&d=mm&r=g","height":96,"width":96}},"publisher":{"@type":"Organization","name":"alisen.cz","logo":{"@type":"ImageObject","@id":"\/logo.png","url":"\/logo.png","width":600,"height":60}},"image":{"@type":"ImageObject","@id":"https:\/\/www.alisen.cz\/wp-content\/uploads\/new-home-1664325_640_10_10_1.jpg","url":"https:\/\/www.alisen.cz\/wp-content\/uploads\/new-home-1664325_640_10_10_1.jpg","height":0,"width":0},"wordCount":582,"keywords":null},{"@type":"Article","@id":"https:\/\/www.alisen.cz\/a-proc-si-neporidite-solarni-sprchu\/","headline":"A pro\u010d si nepo\u0159\u00edd\u00edte sol\u00e1rn\u00ed sprchu","url":"https:\/\/www.alisen.cz\/a-proc-si-neporidite-solarni-sprchu\/","datePublished":"2024-08-09","dateModified":"2024-08-09","mainEntityOfPage":"https:\/\/www.alisen.cz\/a-proc-si-neporidite-solarni-sprchu\/","author":{"@type":"Person","@id":"https:\/\/www.alisen.cz\/author\/#Person","name":"","url":"https:\/\/www.alisen.cz\/author\/","identifier":1,"image":{"@type":"ImageObject","@id":"https:\/\/secure.gravatar.com\/avatar\/d7705a23c50ede72936119380238a88bdeb91030521f9262dc3abc6fdd8add33?s=96&d=mm&r=g","url":"https:\/\/secure.gravatar.com\/avatar\/d7705a23c50ede72936119380238a88bdeb91030521f9262dc3abc6fdd8add33?s=96&d=mm&r=g","height":96,"width":96}},"publisher":{"@type":"Organization","name":"alisen.cz","logo":{"@type":"ImageObject","@id":"\/logo.png","url":"\/logo.png","width":600,"height":60}},"image":{"@type":"ImageObject","@id":"https:\/\/www.alisen.cz\/wp-content\/uploads\/water-jet-8007873_640_1.jpg","url":"https:\/\/www.alisen.cz\/wp-content\/uploads\/water-jet-8007873_640_1.jpg","height":0,"width":0},"wordCount":610,"keywords":null},{"@type":"Article","@id":"https:\/\/www.alisen.cz\/co-obnasi-stehovani-tezkych-bremen\/","headline":"Co obn\u00e1\u0161\u00ed st\u011bhov\u00e1n\u00ed t\u011b\u017ek\u00fdch b\u0159emen","url":"https:\/\/www.alisen.cz\/co-obnasi-stehovani-tezkych-bremen\/","datePublished":"2024-08-06","dateModified":"2024-08-06","mainEntityOfPage":"https:\/\/www.alisen.cz\/co-obnasi-stehovani-tezkych-bremen\/","author":{"@type":"Person","@id":"https:\/\/www.alisen.cz\/author\/#Person","name":"","url":"https:\/\/www.alisen.cz\/author\/","identifier":1,"image":{"@type":"ImageObject","@id":"https:\/\/secure.gravatar.com\/avatar\/d7705a23c50ede72936119380238a88bdeb91030521f9262dc3abc6fdd8add33?s=96&d=mm&r=g","url":"https:\/\/secure.gravatar.com\/avatar\/d7705a23c50ede72936119380238a88bdeb91030521f9262dc3abc6fdd8add33?s=96&d=mm&r=g","height":96,"width":96}},"publisher":{"@type":"Organization","name":"alisen.cz","logo":{"@type":"ImageObject","@id":"\/logo.png","url":"\/logo.png","width":600,"height":60}},"image":{"@type":"ImageObject","@id":"https:\/\/www.alisen.cz\/wp-content\/uploads\/washing-machine-1786385_640_4.png","url":"https:\/\/www.alisen.cz\/wp-content\/uploads\/washing-machine-1786385_640_4.png","height":0,"width":0},"wordCount":627,"keywords":null}]},{"@context":"https:\/\/schema.org","@type":"WebSite","@id":"https:\/\/www.alisen.cz\/#website","name":"Alisen","url":"https:\/\/www.alisen.cz","potentialAction":{"@type":"SearchAction","target":"https:\/\/www.alisen.cz\/?s={search_term_string}","query-input":"required name=search_term_string"}}]