[{"@context":"https:\/\/schema.org\/","@type":"Blog","@id":"https:\/\/www.alisen.cz#Blog","headline":"Alisen","description":"\nNe v\u017edycky se m\u00e1me tak dob\u0159e, jak bychom si to p\u0159\u00e1li. A kdy\u017e chceme, abychom se m\u011bli l\u00edp, vyplat\u00ed se zam\u00ed\u0159it na tento web, kter\u00fd n\u00e1m nab\u00edz\u00ed \u017e\u00e1douc\u00ed pomoc.","url":"https:\/\/www.alisen.cz","hasPart":[{"@type":"Article","@id":"https:\/\/www.alisen.cz\/touzite-po-lepsim-sexu\/","headline":"Tou\u017e\u00edte po lep\u0161\u00edm sexu?","url":"https:\/\/www.alisen.cz\/touzite-po-lepsim-sexu\/","datePublished":"2024-08-05","dateModified":"2024-08-05","mainEntityOfPage":"https:\/\/www.alisen.cz\/touzite-po-lepsim-sexu\/","author":{"@type":"Person","@id":"https:\/\/www.alisen.cz\/author\/#Person","name":"","url":"https:\/\/www.alisen.cz\/author\/","identifier":1,"image":{"@type":"ImageObject","@id":"https:\/\/secure.gravatar.com\/avatar\/d7705a23c50ede72936119380238a88bdeb91030521f9262dc3abc6fdd8add33?s=96&d=mm&r=g","url":"https:\/\/secure.gravatar.com\/avatar\/d7705a23c50ede72936119380238a88bdeb91030521f9262dc3abc6fdd8add33?s=96&d=mm&r=g","height":96,"width":96}},"publisher":{"@type":"Organization","name":"alisen.cz","logo":{"@type":"ImageObject","@id":"\/logo.png","url":"\/logo.png","width":600,"height":60}},"image":{"@type":"ImageObject","@id":"https:\/\/www.alisen.cz\/wp-content\/uploads\/l_10_10_9.jpg","url":"https:\/\/www.alisen.cz\/wp-content\/uploads\/l_10_10_9.jpg","height":0,"width":0},"wordCount":575,"keywords":null},{"@type":"Article","@id":"https:\/\/www.alisen.cz\/prirodni-diuretika-jidla-pro-zdrave-odvodneni\/","headline":"P\u0159\u00edrodn\u00ed diuretika: J\u00eddla pro zdrav\u00e9 odvodn\u011bn\u00ed","url":"https:\/\/www.alisen.cz\/prirodni-diuretika-jidla-pro-zdrave-odvodneni\/","datePublished":"2024-07-28","dateModified":"2024-07-28","mainEntityOfPage":"https:\/\/www.alisen.cz\/prirodni-diuretika-jidla-pro-zdrave-odvodneni\/","author":{"@type":"Person","@id":"https:\/\/www.alisen.cz\/author\/#Person","name":"","url":"https:\/\/www.alisen.cz\/author\/","identifier":1,"image":{"@type":"ImageObject","@id":"https:\/\/secure.gravatar.com\/avatar\/d7705a23c50ede72936119380238a88bdeb91030521f9262dc3abc6fdd8add33?s=96&d=mm&r=g","url":"https:\/\/secure.gravatar.com\/avatar\/d7705a23c50ede72936119380238a88bdeb91030521f9262dc3abc6fdd8add33?s=96&d=mm&r=g","height":96,"width":96}},"publisher":{"@type":"Organization","name":"alisen.cz","logo":{"@type":"ImageObject","@id":"\/logo.png","url":"\/logo.png","width":600,"height":60}},"image":{"@type":"ImageObject","@id":"https:\/\/www.alisen.cz\/wp-content\/uploads\/neha-deshmukh-cYZxxz4AweE-unsplash.jpg","url":"https:\/\/www.alisen.cz\/wp-content\/uploads\/neha-deshmukh-cYZxxz4AweE-unsplash.jpg","height":0,"width":0},"wordCount":636,"keywords":null},{"@type":"Article","@id":"https:\/\/www.alisen.cz\/chrante-ho\/","headline":"Chra\u0148te ho","url":"https:\/\/www.alisen.cz\/chrante-ho\/","datePublished":"2024-07-27","dateModified":"2024-07-27","mainEntityOfPage":"https:\/\/www.alisen.cz\/chrante-ho\/","author":{"@type":"Person","@id":"https:\/\/www.alisen.cz\/author\/#Person","name":"","url":"https:\/\/www.alisen.cz\/author\/","identifier":1,"image":{"@type":"ImageObject","@id":"https:\/\/secure.gravatar.com\/avatar\/d7705a23c50ede72936119380238a88bdeb91030521f9262dc3abc6fdd8add33?s=96&d=mm&r=g","url":"https:\/\/secure.gravatar.com\/avatar\/d7705a23c50ede72936119380238a88bdeb91030521f9262dc3abc6fdd8add33?s=96&d=mm&r=g","height":96,"width":96}},"publisher":{"@type":"Organization","name":"alisen.cz","logo":{"@type":"ImageObject","@id":"\/logo.png","url":"\/logo.png","width":600,"height":60}},"image":{"@type":"ImageObject","@id":"https:\/\/www.alisen.cz\/wp-content\/uploads\/mobile-2562332_640_10_7.jpg","url":"https:\/\/www.alisen.cz\/wp-content\/uploads\/mobile-2562332_640_10_7.jpg","height":0,"width":0},"wordCount":558,"keywords":null},{"@type":"Article","@id":"https:\/\/www.alisen.cz\/na-co-si-pujcite\/","headline":"Na co si p\u016fj\u010d\u00edte?","url":"https:\/\/www.alisen.cz\/na-co-si-pujcite\/","datePublished":"2024-07-27","dateModified":"2024-07-27","mainEntityOfPage":"https:\/\/www.alisen.cz\/na-co-si-pujcite\/","author":{"@type":"Person","@id":"https:\/\/www.alisen.cz\/author\/#Person","name":"","url":"https:\/\/www.alisen.cz\/author\/","identifier":1,"image":{"@type":"ImageObject","@id":"https:\/\/secure.gravatar.com\/avatar\/d7705a23c50ede72936119380238a88bdeb91030521f9262dc3abc6fdd8add33?s=96&d=mm&r=g","url":"https:\/\/secure.gravatar.com\/avatar\/d7705a23c50ede72936119380238a88bdeb91030521f9262dc3abc6fdd8add33?s=96&d=mm&r=g","height":96,"width":96}},"publisher":{"@type":"Organization","name":"alisen.cz","logo":{"@type":"ImageObject","@id":"\/logo.png","url":"\/logo.png","width":600,"height":60}},"image":{"@type":"ImageObject","@id":"https:\/\/www.alisen.cz\/wp-content\/uploads\/money-g830de5730_640_10_10_10_10_10_10_10_1.jpg","url":"https:\/\/www.alisen.cz\/wp-content\/uploads\/money-g830de5730_640_10_10_10_10_10_10_10_1.jpg","height":0,"width":0},"wordCount":513,"keywords":null},{"@type":"Article","@id":"https:\/\/www.alisen.cz\/mikromagie-poslouzi-i-k-seznameni-nesmelych-lidi\/","headline":"Mikromagie poslou\u017e\u00ed i k sezn\u00e1men\u00ed nesm\u011bl\u00fdch lid\u00ed","url":"https:\/\/www.alisen.cz\/mikromagie-poslouzi-i-k-seznameni-nesmelych-lidi\/","datePublished":"2024-07-27","dateModified":"2024-07-27","mainEntityOfPage":"https:\/\/www.alisen.cz\/mikromagie-poslouzi-i-k-seznameni-nesmelych-lidi\/","author":{"@type":"Person","@id":"https:\/\/www.alisen.cz\/author\/#Person","name":"","url":"https:\/\/www.alisen.cz\/author\/","identifier":1,"image":{"@type":"ImageObject","@id":"https:\/\/secure.gravatar.com\/avatar\/d7705a23c50ede72936119380238a88bdeb91030521f9262dc3abc6fdd8add33?s=96&d=mm&r=g","url":"https:\/\/secure.gravatar.com\/avatar\/d7705a23c50ede72936119380238a88bdeb91030521f9262dc3abc6fdd8add33?s=96&d=mm&r=g","height":96,"width":96}},"publisher":{"@type":"Organization","name":"alisen.cz","logo":{"@type":"ImageObject","@id":"\/logo.png","url":"\/logo.png","width":600,"height":60}},"image":{"@type":"ImageObject","@id":"https:\/\/www.alisen.cz\/wp-content\/uploads\/rabbit-4103102_640_7.jpg","url":"https:\/\/www.alisen.cz\/wp-content\/uploads\/rabbit-4103102_640_7.jpg","height":0,"width":0},"wordCount":656,"keywords":null},{"@type":"Article","@id":"https:\/\/www.alisen.cz\/kupujeme-apartman-v-chorvatsku-pro-trvale-bydleni\/","headline":"Kupujeme apartm\u00e1n v Chorvatsku pro trval\u00e9 bydlen\u00ed","url":"https:\/\/www.alisen.cz\/kupujeme-apartman-v-chorvatsku-pro-trvale-bydleni\/","datePublished":"2024-07-27","dateModified":"2024-07-27","mainEntityOfPage":"https:\/\/www.alisen.cz\/kupujeme-apartman-v-chorvatsku-pro-trvale-bydleni\/","author":{"@type":"Person","@id":"https:\/\/www.alisen.cz\/author\/#Person","name":"","url":"https:\/\/www.alisen.cz\/author\/","identifier":1,"image":{"@type":"ImageObject","@id":"https:\/\/secure.gravatar.com\/avatar\/d7705a23c50ede72936119380238a88bdeb91030521f9262dc3abc6fdd8add33?s=96&d=mm&r=g","url":"https:\/\/secure.gravatar.com\/avatar\/d7705a23c50ede72936119380238a88bdeb91030521f9262dc3abc6fdd8add33?s=96&d=mm&r=g","height":96,"width":96}},"publisher":{"@type":"Organization","name":"alisen.cz","logo":{"@type":"ImageObject","@id":"\/logo.png","url":"\/logo.png","width":600,"height":60}},"image":{"@type":"ImageObject","@id":"https:\/\/www.alisen.cz\/wp-content\/uploads\/woman-422546_640_10_10_10_10_10_10_10_8.jpg","url":"https:\/\/www.alisen.cz\/wp-content\/uploads\/woman-422546_640_10_10_10_10_10_10_10_8.jpg","height":0,"width":0},"wordCount":624,"keywords":null},{"@type":"Article","@id":"https:\/\/www.alisen.cz\/je-libo-dum-typu-drevostavby\/","headline":"Je libo d\u016fm typu d\u0159evostavby","url":"https:\/\/www.alisen.cz\/je-libo-dum-typu-drevostavby\/","datePublished":"2024-07-27","dateModified":"2024-07-27","mainEntityOfPage":"https:\/\/www.alisen.cz\/je-libo-dum-typu-drevostavby\/","author":{"@type":"Person","@id":"https:\/\/www.alisen.cz\/author\/#Person","name":"","url":"https:\/\/www.alisen.cz\/author\/","identifier":1,"image":{"@type":"ImageObject","@id":"https:\/\/secure.gravatar.com\/avatar\/d7705a23c50ede72936119380238a88bdeb91030521f9262dc3abc6fdd8add33?s=96&d=mm&r=g","url":"https:\/\/secure.gravatar.com\/avatar\/d7705a23c50ede72936119380238a88bdeb91030521f9262dc3abc6fdd8add33?s=96&d=mm&r=g","height":96,"width":96}},"publisher":{"@type":"Organization","name":"alisen.cz","logo":{"@type":"ImageObject","@id":"\/logo.png","url":"\/logo.png","width":600,"height":60}},"image":{"@type":"ImageObject","@id":"https:\/\/www.alisen.cz\/wp-content\/uploads\/home-construction-4899200_640_4.jpg","url":"https:\/\/www.alisen.cz\/wp-content\/uploads\/home-construction-4899200_640_4.jpg","height":0,"width":0},"wordCount":609,"keywords":null},{"@type":"Article","@id":"https:\/\/www.alisen.cz\/prekvapte-vas-novy-objev-na-prvnim-rande-neocekavanym-prekvapenim\/","headline":"P\u0159ekvapte v\u00e1\u0161 nov\u00fd objev na prvn\u00edm rande neo\u010dek\u00e1van\u00fdm p\u0159ekvapen\u00edm","url":"https:\/\/www.alisen.cz\/prekvapte-vas-novy-objev-na-prvnim-rande-neocekavanym-prekvapenim\/","datePublished":"2024-07-27","dateModified":"2024-07-27","mainEntityOfPage":"https:\/\/www.alisen.cz\/prekvapte-vas-novy-objev-na-prvnim-rande-neocekavanym-prekvapenim\/","author":{"@type":"Person","@id":"https:\/\/www.alisen.cz\/author\/#Person","name":"","url":"https:\/\/www.alisen.cz\/author\/","identifier":1,"image":{"@type":"ImageObject","@id":"https:\/\/secure.gravatar.com\/avatar\/d7705a23c50ede72936119380238a88bdeb91030521f9262dc3abc6fdd8add33?s=96&d=mm&r=g","url":"https:\/\/secure.gravatar.com\/avatar\/d7705a23c50ede72936119380238a88bdeb91030521f9262dc3abc6fdd8add33?s=96&d=mm&r=g","height":96,"width":96}},"publisher":{"@type":"Organization","name":"alisen.cz","logo":{"@type":"ImageObject","@id":"\/logo.png","url":"\/logo.png","width":600,"height":60}},"image":{"@type":"ImageObject","@id":"https:\/\/www.alisen.cz\/wp-content\/uploads\/music-6916184_640.jpg","url":"https:\/\/www.alisen.cz\/wp-content\/uploads\/music-6916184_640.jpg","height":0,"width":0},"wordCount":624,"keywords":null},{"@type":"Article","@id":"https:\/\/www.alisen.cz\/chcete-si-usnadnit-stehovani\/","headline":"Chcete si usnadnit st\u011bhov\u00e1n\u00ed?","url":"https:\/\/www.alisen.cz\/chcete-si-usnadnit-stehovani\/","datePublished":"2024-07-13","dateModified":"2024-07-13","mainEntityOfPage":"https:\/\/www.alisen.cz\/chcete-si-usnadnit-stehovani\/","author":{"@type":"Person","@id":"https:\/\/www.alisen.cz\/author\/#Person","name":"","url":"https:\/\/www.alisen.cz\/author\/","identifier":1,"image":{"@type":"ImageObject","@id":"https:\/\/secure.gravatar.com\/avatar\/d7705a23c50ede72936119380238a88bdeb91030521f9262dc3abc6fdd8add33?s=96&d=mm&r=g","url":"https:\/\/secure.gravatar.com\/avatar\/d7705a23c50ede72936119380238a88bdeb91030521f9262dc3abc6fdd8add33?s=96&d=mm&r=g","height":96,"width":96}},"publisher":{"@type":"Organization","name":"alisen.cz","logo":{"@type":"ImageObject","@id":"\/logo.png","url":"\/logo.png","width":600,"height":60}},"image":{"@type":"ImageObject","@id":"https:\/\/www.alisen.cz\/wp-content\/uploads\/ssssssss_10_7.jpg","url":"https:\/\/www.alisen.cz\/wp-content\/uploads\/ssssssss_10_7.jpg","height":0,"width":0},"wordCount":619,"keywords":null},{"@type":"Article","@id":"https:\/\/www.alisen.cz\/moda-a-realita\/","headline":"M\u00f3da a realita.","url":"https:\/\/www.alisen.cz\/moda-a-realita\/","datePublished":"2024-07-12","dateModified":"2024-07-12","mainEntityOfPage":"https:\/\/www.alisen.cz\/moda-a-realita\/","author":{"@type":"Person","@id":"https:\/\/www.alisen.cz\/author\/#Person","name":"","url":"https:\/\/www.alisen.cz\/author\/","identifier":1,"image":{"@type":"ImageObject","@id":"https:\/\/secure.gravatar.com\/avatar\/d7705a23c50ede72936119380238a88bdeb91030521f9262dc3abc6fdd8add33?s=96&d=mm&r=g","url":"https:\/\/secure.gravatar.com\/avatar\/d7705a23c50ede72936119380238a88bdeb91030521f9262dc3abc6fdd8add33?s=96&d=mm&r=g","height":96,"width":96}},"publisher":{"@type":"Organization","name":"alisen.cz","logo":{"@type":"ImageObject","@id":"\/logo.png","url":"\/logo.png","width":600,"height":60}},"image":{"@type":"ImageObject","@id":"https:\/\/www.alisen.cz\/wp-content\/uploads\/pexels-marvin-malmis-ponce-272683079-13632490_2.jpg","url":"https:\/\/www.alisen.cz\/wp-content\/uploads\/pexels-marvin-malmis-ponce-272683079-13632490_2.jpg","height":0,"width":0},"wordCount":586,"keywords":null}]},{"@context":"https:\/\/schema.org","@type":"WebSite","@id":"https:\/\/www.alisen.cz\/#website","name":"Alisen","url":"https:\/\/www.alisen.cz","potentialAction":{"@type":"SearchAction","target":"https:\/\/www.alisen.cz\/?s={search_term_string}","query-input":"required name=search_term_string"}}]