[{"@context":"https:\/\/schema.org\/","@type":"Blog","@id":"https:\/\/www.alisen.cz#Blog","headline":"Alisen","description":"\nNe v\u017edycky se m\u00e1me tak dob\u0159e, jak bychom si to p\u0159\u00e1li. A kdy\u017e chceme, abychom se m\u011bli l\u00edp, vyplat\u00ed se zam\u00ed\u0159it na tento web, kter\u00fd n\u00e1m nab\u00edz\u00ed \u017e\u00e1douc\u00ed pomoc.","url":"https:\/\/www.alisen.cz","hasPart":[{"@type":"Article","@id":"https:\/\/www.alisen.cz\/na-leto-idealni\/","headline":"Na l\u00e9to ide\u00e1ln\u00ed","url":"https:\/\/www.alisen.cz\/na-leto-idealni\/","datePublished":"2024-07-12","dateModified":"2024-07-12","mainEntityOfPage":"https:\/\/www.alisen.cz\/na-leto-idealni\/","author":{"@type":"Person","@id":"https:\/\/www.alisen.cz\/author\/#Person","name":"","url":"https:\/\/www.alisen.cz\/author\/","identifier":1,"image":{"@type":"ImageObject","@id":"https:\/\/secure.gravatar.com\/avatar\/d7705a23c50ede72936119380238a88bdeb91030521f9262dc3abc6fdd8add33?s=96&d=mm&r=g","url":"https:\/\/secure.gravatar.com\/avatar\/d7705a23c50ede72936119380238a88bdeb91030521f9262dc3abc6fdd8add33?s=96&d=mm&r=g","height":96,"width":96}},"publisher":{"@type":"Organization","name":"alisen.cz","logo":{"@type":"ImageObject","@id":"\/logo.png","url":"\/logo.png","width":600,"height":60}},"image":{"@type":"ImageObject","@id":"https:\/\/www.alisen.cz\/wp-content\/uploads\/bra-3873760_640_10_10_10_3.jpg","url":"https:\/\/www.alisen.cz\/wp-content\/uploads\/bra-3873760_640_10_10_10_3.jpg","height":0,"width":0},"wordCount":522,"keywords":null},{"@type":"Article","@id":"https:\/\/www.alisen.cz\/mic-a-misto\/","headline":"M\u00ed\u010d a m\u00edsto","url":"https:\/\/www.alisen.cz\/mic-a-misto\/","datePublished":"2024-07-09","dateModified":"2024-07-09","mainEntityOfPage":"https:\/\/www.alisen.cz\/mic-a-misto\/","author":{"@type":"Person","@id":"https:\/\/www.alisen.cz\/author\/#Person","name":"","url":"https:\/\/www.alisen.cz\/author\/","identifier":1,"image":{"@type":"ImageObject","@id":"https:\/\/secure.gravatar.com\/avatar\/d7705a23c50ede72936119380238a88bdeb91030521f9262dc3abc6fdd8add33?s=96&d=mm&r=g","url":"https:\/\/secure.gravatar.com\/avatar\/d7705a23c50ede72936119380238a88bdeb91030521f9262dc3abc6fdd8add33?s=96&d=mm&r=g","height":96,"width":96}},"publisher":{"@type":"Organization","name":"alisen.cz","logo":{"@type":"ImageObject","@id":"\/logo.png","url":"\/logo.png","width":600,"height":60}},"image":{"@type":"ImageObject","@id":"https:\/\/www.alisen.cz\/wp-content\/uploads\/pexels-franco-monsalvo-252430633-16014449.jpg","url":"https:\/\/www.alisen.cz\/wp-content\/uploads\/pexels-franco-monsalvo-252430633-16014449.jpg","height":0,"width":0},"wordCount":624,"keywords":null},{"@type":"Article","@id":"https:\/\/www.alisen.cz\/proc-je-marketing-nutnost\/","headline":"Pro\u010d je marketing nutnost?","url":"https:\/\/www.alisen.cz\/proc-je-marketing-nutnost\/","datePublished":"2024-07-09","dateModified":"2024-07-09","mainEntityOfPage":"https:\/\/www.alisen.cz\/proc-je-marketing-nutnost\/","author":{"@type":"Person","@id":"https:\/\/www.alisen.cz\/author\/#Person","name":"","url":"https:\/\/www.alisen.cz\/author\/","identifier":1,"image":{"@type":"ImageObject","@id":"https:\/\/secure.gravatar.com\/avatar\/d7705a23c50ede72936119380238a88bdeb91030521f9262dc3abc6fdd8add33?s=96&d=mm&r=g","url":"https:\/\/secure.gravatar.com\/avatar\/d7705a23c50ede72936119380238a88bdeb91030521f9262dc3abc6fdd8add33?s=96&d=mm&r=g","height":96,"width":96}},"publisher":{"@type":"Organization","name":"alisen.cz","logo":{"@type":"ImageObject","@id":"\/logo.png","url":"\/logo.png","width":600,"height":60}},"image":{"@type":"ImageObject","@id":"https:\/\/www.alisen.cz\/wp-content\/uploads\/marketing-3724797_640_4.jpg","url":"https:\/\/www.alisen.cz\/wp-content\/uploads\/marketing-3724797_640_4.jpg","height":0,"width":0},"wordCount":557,"keywords":null},{"@type":"Article","@id":"https:\/\/www.alisen.cz\/jak-financne-nestradat\/","headline":"Jak finan\u010dn\u011b nestr\u00e1dat?","url":"https:\/\/www.alisen.cz\/jak-financne-nestradat\/","datePublished":"2024-07-07","dateModified":"2024-07-07","mainEntityOfPage":"https:\/\/www.alisen.cz\/jak-financne-nestradat\/","author":{"@type":"Person","@id":"https:\/\/www.alisen.cz\/author\/#Person","name":"","url":"https:\/\/www.alisen.cz\/author\/","identifier":1,"image":{"@type":"ImageObject","@id":"https:\/\/secure.gravatar.com\/avatar\/d7705a23c50ede72936119380238a88bdeb91030521f9262dc3abc6fdd8add33?s=96&d=mm&r=g","url":"https:\/\/secure.gravatar.com\/avatar\/d7705a23c50ede72936119380238a88bdeb91030521f9262dc3abc6fdd8add33?s=96&d=mm&r=g","height":96,"width":96}},"publisher":{"@type":"Organization","name":"alisen.cz","logo":{"@type":"ImageObject","@id":"\/logo.png","url":"\/logo.png","width":600,"height":60}},"image":{"@type":"ImageObject","@id":"https:\/\/www.alisen.cz\/wp-content\/uploads\/pppppppppppppppppppppppppppppppppppppppppppppppppppppppppppppppppppppppppppppppppppppppppppppppp.jpg","url":"https:\/\/www.alisen.cz\/wp-content\/uploads\/pppppppppppppppppppppppppppppppppppppppppppppppppppppppppppppppppppppppppppppppppppppppppppppppp.jpg","height":0,"width":0},"wordCount":645,"keywords":null},{"@type":"Article","@id":"https:\/\/www.alisen.cz\/jak-vykonny-pocitac-bychom-si-meli-poridit\/","headline":"Jak v\u00fdkonn\u00fd po\u010d\u00edta\u010d bychom si m\u011bli po\u0159\u00eddit","url":"https:\/\/www.alisen.cz\/jak-vykonny-pocitac-bychom-si-meli-poridit\/","datePublished":"2024-06-25","dateModified":"2024-06-26","mainEntityOfPage":"https:\/\/www.alisen.cz\/jak-vykonny-pocitac-bychom-si-meli-poridit\/","author":{"@type":"Person","@id":"https:\/\/www.alisen.cz\/author\/#Person","name":"","url":"https:\/\/www.alisen.cz\/author\/","identifier":1,"image":{"@type":"ImageObject","@id":"https:\/\/secure.gravatar.com\/avatar\/d7705a23c50ede72936119380238a88bdeb91030521f9262dc3abc6fdd8add33?s=96&d=mm&r=g","url":"https:\/\/secure.gravatar.com\/avatar\/d7705a23c50ede72936119380238a88bdeb91030521f9262dc3abc6fdd8add33?s=96&d=mm&r=g","height":96,"width":96}},"publisher":{"@type":"Organization","name":"alisen.cz","logo":{"@type":"ImageObject","@id":"\/logo.png","url":"\/logo.png","width":600,"height":60}},"image":{"@type":"ImageObject","@id":"https:\/\/www.alisen.cz\/wp-content\/uploads\/pocitac6_2.jpg","url":"https:\/\/www.alisen.cz\/wp-content\/uploads\/pocitac6_2.jpg","height":0,"width":0},"wordCount":569,"keywords":null},{"@type":"Article","@id":"https:\/\/www.alisen.cz\/reklama-jako-pomocnik\/","headline":"Reklama jako pomocn\u00edk","url":"https:\/\/www.alisen.cz\/reklama-jako-pomocnik\/","datePublished":"2024-06-25","dateModified":"2024-06-26","mainEntityOfPage":"https:\/\/www.alisen.cz\/reklama-jako-pomocnik\/","author":{"@type":"Person","@id":"https:\/\/www.alisen.cz\/author\/#Person","name":"","url":"https:\/\/www.alisen.cz\/author\/","identifier":1,"image":{"@type":"ImageObject","@id":"https:\/\/secure.gravatar.com\/avatar\/d7705a23c50ede72936119380238a88bdeb91030521f9262dc3abc6fdd8add33?s=96&d=mm&r=g","url":"https:\/\/secure.gravatar.com\/avatar\/d7705a23c50ede72936119380238a88bdeb91030521f9262dc3abc6fdd8add33?s=96&d=mm&r=g","height":96,"width":96}},"publisher":{"@type":"Organization","name":"alisen.cz","logo":{"@type":"ImageObject","@id":"\/logo.png","url":"\/logo.png","width":600,"height":60}},"image":{"@type":"ImageObject","@id":"https:\/\/www.alisen.cz\/wp-content\/uploads\/ppc-4105994_640_2.jpg","url":"https:\/\/www.alisen.cz\/wp-content\/uploads\/ppc-4105994_640_2.jpg","height":0,"width":0},"wordCount":608,"keywords":null},{"@type":"Article","@id":"https:\/\/www.alisen.cz\/cisteni-bazenu-pomoci-techniky-i-chemie\/","headline":"\u010ci\u0161t\u011bn\u00ed baz\u00e9nu pomoc\u00ed techniky i chemie","url":"https:\/\/www.alisen.cz\/cisteni-bazenu-pomoci-techniky-i-chemie\/","datePublished":"2024-06-25","dateModified":"2024-06-25","mainEntityOfPage":"https:\/\/www.alisen.cz\/cisteni-bazenu-pomoci-techniky-i-chemie\/","author":{"@type":"Person","@id":"https:\/\/www.alisen.cz\/author\/#Person","name":"","url":"https:\/\/www.alisen.cz\/author\/","identifier":1,"image":{"@type":"ImageObject","@id":"https:\/\/secure.gravatar.com\/avatar\/d7705a23c50ede72936119380238a88bdeb91030521f9262dc3abc6fdd8add33?s=96&d=mm&r=g","url":"https:\/\/secure.gravatar.com\/avatar\/d7705a23c50ede72936119380238a88bdeb91030521f9262dc3abc6fdd8add33?s=96&d=mm&r=g","height":96,"width":96}},"publisher":{"@type":"Organization","name":"alisen.cz","logo":{"@type":"ImageObject","@id":"\/logo.png","url":"\/logo.png","width":600,"height":60}},"image":{"@type":"ImageObject","@id":"https:\/\/www.alisen.cz\/wp-content\/uploads\/pexels-freestockpro-1227571_1.jpg","url":"https:\/\/www.alisen.cz\/wp-content\/uploads\/pexels-freestockpro-1227571_1.jpg","height":0,"width":0},"wordCount":553,"keywords":null},{"@type":"Article","@id":"https:\/\/www.alisen.cz\/muj-stary-pocitac\/","headline":"M\u016fj star\u00fd po\u010d\u00edta\u010d","url":"https:\/\/www.alisen.cz\/muj-stary-pocitac\/","datePublished":"2024-06-18","dateModified":"2024-06-18","mainEntityOfPage":"https:\/\/www.alisen.cz\/muj-stary-pocitac\/","author":{"@type":"Person","@id":"https:\/\/www.alisen.cz\/author\/#Person","name":"","url":"https:\/\/www.alisen.cz\/author\/","identifier":1,"image":{"@type":"ImageObject","@id":"https:\/\/secure.gravatar.com\/avatar\/d7705a23c50ede72936119380238a88bdeb91030521f9262dc3abc6fdd8add33?s=96&d=mm&r=g","url":"https:\/\/secure.gravatar.com\/avatar\/d7705a23c50ede72936119380238a88bdeb91030521f9262dc3abc6fdd8add33?s=96&d=mm&r=g","height":96,"width":96}},"publisher":{"@type":"Organization","name":"alisen.cz","logo":{"@type":"ImageObject","@id":"\/logo.png","url":"\/logo.png","width":600,"height":60}},"image":{"@type":"ImageObject","@id":"https:\/\/www.alisen.cz\/wp-content\/uploads\/coffee-1869820_1280%20(1).jpg","url":"https:\/\/www.alisen.cz\/wp-content\/uploads\/coffee-1869820_1280%20(1).jpg","height":0,"width":0},"wordCount":532,"keywords":null},{"@type":"Article","@id":"https:\/\/www.alisen.cz\/zvedame-dum-s-rovnou-strechou-o-patro\/","headline":"Zved\u00e1me d\u016fm s rovnou st\u0159echou o patro","url":"https:\/\/www.alisen.cz\/zvedame-dum-s-rovnou-strechou-o-patro\/","datePublished":"2024-06-15","dateModified":"2024-06-15","mainEntityOfPage":"https:\/\/www.alisen.cz\/zvedame-dum-s-rovnou-strechou-o-patro\/","author":{"@type":"Person","@id":"https:\/\/www.alisen.cz\/author\/#Person","name":"","url":"https:\/\/www.alisen.cz\/author\/","identifier":1,"image":{"@type":"ImageObject","@id":"https:\/\/secure.gravatar.com\/avatar\/d7705a23c50ede72936119380238a88bdeb91030521f9262dc3abc6fdd8add33?s=96&d=mm&r=g","url":"https:\/\/secure.gravatar.com\/avatar\/d7705a23c50ede72936119380238a88bdeb91030521f9262dc3abc6fdd8add33?s=96&d=mm&r=g","height":96,"width":96}},"publisher":{"@type":"Organization","name":"alisen.cz","logo":{"@type":"ImageObject","@id":"\/logo.png","url":"\/logo.png","width":600,"height":60}},"image":{"@type":"ImageObject","@id":"https:\/\/www.alisen.cz\/wp-content\/uploads\/roof-truss-3339206_640_2.jpg","url":"https:\/\/www.alisen.cz\/wp-content\/uploads\/roof-truss-3339206_640_2.jpg","height":0,"width":0},"wordCount":608,"keywords":null},{"@type":"Article","@id":"https:\/\/www.alisen.cz\/lepsi-obaly\/","headline":"Lep\u0161\u00ed obaly","url":"https:\/\/www.alisen.cz\/lepsi-obaly\/","datePublished":"2024-06-15","dateModified":"2024-06-15","mainEntityOfPage":"https:\/\/www.alisen.cz\/lepsi-obaly\/","author":{"@type":"Person","@id":"https:\/\/www.alisen.cz\/author\/#Person","name":"","url":"https:\/\/www.alisen.cz\/author\/","identifier":1,"image":{"@type":"ImageObject","@id":"https:\/\/secure.gravatar.com\/avatar\/d7705a23c50ede72936119380238a88bdeb91030521f9262dc3abc6fdd8add33?s=96&d=mm&r=g","url":"https:\/\/secure.gravatar.com\/avatar\/d7705a23c50ede72936119380238a88bdeb91030521f9262dc3abc6fdd8add33?s=96&d=mm&r=g","height":96,"width":96}},"publisher":{"@type":"Organization","name":"alisen.cz","logo":{"@type":"ImageObject","@id":"\/logo.png","url":"\/logo.png","width":600,"height":60}},"image":{"@type":"ImageObject","@id":"https:\/\/www.alisen.cz\/wp-content\/uploads\/packaging-1062731_960_720.png","url":"https:\/\/www.alisen.cz\/wp-content\/uploads\/packaging-1062731_960_720.png","height":0,"width":0},"wordCount":518,"keywords":null}]},{"@context":"https:\/\/schema.org","@type":"WebSite","@id":"https:\/\/www.alisen.cz\/#website","name":"Alisen","url":"https:\/\/www.alisen.cz","potentialAction":{"@type":"SearchAction","target":"https:\/\/www.alisen.cz\/?s={search_term_string}","query-input":"required name=search_term_string"}}]