[{"@context":"https:\/\/schema.org\/","@type":"Article","@id":"https:\/\/www.alisen.cz\/penize-se-vam-vrati\/#Article","mainEntityOfPage":"https:\/\/www.alisen.cz\/penize-se-vam-vrati\/","headline":"Pen\u00edze se V\u00e1m vr\u00e1t\u00ed","name":"Pen\u00edze se V\u00e1m vr\u00e1t\u00ed","description":"Tak\u00e9 i Vy r\u00e1di p\u0159em\u00fd\u0161l\u00edte, co bude v budoucnosti? Chcete se na ni d\u016fkladn\u011b p\u0159ipravit a p\u0159\u00edpadn\u011b u\u0161et\u0159it do budoucna n\u011bjak\u00e9 ty finan\u010dn\u00ed prost\u0159edky? Potom si ur\u010dit\u011b po\u0159i\u010fte sol\u00e1rn\u00ed panely, kter\u00e9 V\u00e1m p\u0159ijedou nainstalovat opravdov\u00ed profesion\u00e1lov\u00e9, pro kter\u00e9 nen\u00ed fotovoltaika ciz\u00ed pojem. V\u0161e V\u00e1m ud\u011bl\u00e1me spolehliv\u011b a Vy se nebudete muset b\u00e1t, \u017ee by se [&hellip;]","datePublished":"2023-08-05","dateModified":"2023-08-05","author":{"@type":"Person","@id":"https:\/\/www.alisen.cz\/author\/#Person","name":"","url":"https:\/\/www.alisen.cz\/author\/","identifier":1,"image":{"@type":"ImageObject","@id":"https:\/\/secure.gravatar.com\/avatar\/d7705a23c50ede72936119380238a88bdeb91030521f9262dc3abc6fdd8add33?s=96&d=mm&r=g","url":"https:\/\/secure.gravatar.com\/avatar\/d7705a23c50ede72936119380238a88bdeb91030521f9262dc3abc6fdd8add33?s=96&d=mm&r=g","height":96,"width":96}},"publisher":{"@type":"Organization","name":"alisen.cz","logo":{"@type":"ImageObject","@id":"\/logo.png","url":"\/logo.png","width":600,"height":60}},"url":"https:\/\/www.alisen.cz\/penize-se-vam-vrati\/","wordCount":283,"articleBody":"Tak\u00e9 i Vy r\u00e1di p\u0159em\u00fd\u0161l\u00edte, co bude v budoucnosti? Chcete se na ni d\u016fkladn\u011b p\u0159ipravit a p\u0159\u00edpadn\u011b u\u0161et\u0159it do budoucna n\u011bjak\u00e9 ty finan\u010dn\u00ed prost\u0159edky? Potom si ur\u010dit\u011b po\u0159i\u010fte sol\u00e1rn\u00ed panely, kter\u00e9 V\u00e1m p\u0159ijedou nainstalovat opravdov\u00ed profesion\u00e1lov\u00e9, pro kter\u00e9 nen\u00ed fotovoltaika ciz\u00ed pojem. V\u0161e V\u00e1m ud\u011bl\u00e1me spolehliv\u011b a Vy se nebudete muset b\u00e1t, \u017ee by se V\u00e1m tyto sol\u00e1rn\u00ed panely b\u011bhem p\u00e1r let rozbili. Na\u0161i pracovn\u00edci jsou velice mil\u00ed, a proto, jestli budete m\u00edt n\u011bjak\u00fd dotaz, nev\u00e1hejte se na n\u011b obr\u00e1tit. Na\u0161\u00ed hlavn\u00ed prioritou je Va\u0161e maxim\u00e1ln\u00ed spokojenost. T\u00e9m\u011b\u0159 u ka\u017ed\u00e9ho na\u0161eho z\u00e1kazn\u00edka jsme t\u00e9to maxim\u00e1ln\u00ed spokojenosti dos\u00e1hli. Pen\u00edze, kter\u00e9 investujete do tohoto zp\u016fsobu, jak z\u00e1sobit V\u00e1\u0161 rodinn\u00fd d\u016fm elekt\u0159inou, se V\u00e1m v p\u0159\u00ed\u0161t\u00edch n\u00e1sleduj\u00edc\u00edch letech vr\u00e1t\u00ed a V\u00e1m u\u017e nebudou chodit p\u0159edra\u017een\u00e9 faktury od Va\u0161\u00ed energetick\u00e9 spole\u010dnosti.Pen\u00edze od bankyPokud zrovna nem\u00e1te dostatek finan\u010dn\u00edch prost\u0159edk\u016f na instalaci tohoto sol\u00e1rn\u00edho za\u0159\u00edzen\u00ed, b\u011b\u017ete si promluvit s pracovn\u00edky do Va\u0161\u00ed banky a oni V\u00e1m na tento zp\u016fsob, jak u\u0161et\u0159it, rozhodn\u011b p\u016fj\u010d\u00ed. Fotovoltaika je skv\u011bl\u00fd zp\u016fsob jak u\u0161et\u0159it n\u011bjak\u00e9 ty pen\u00edze. Pokud si p\u016fj\u010d\u00edte pen\u00edze od banky, finan\u010dn\u00ed prost\u0159edky se V\u00e1m sice vr\u00e1t\u00ed za del\u0161\u00ed dobu, ale i tak to ur\u010dit\u011b stoj\u00ed za to!                                                                                                                                                                                                                                                                                                                                                                                        3.5\/5 - (11 votes)        "},{"@context":"https:\/\/schema.org\/","@type":"BreadcrumbList","itemListElement":[{"@type":"ListItem","position":1,"name":"Pen\u00edze se V\u00e1m vr\u00e1t\u00ed","item":"https:\/\/www.alisen.cz\/penize-se-vam-vrati\/#breadcrumbitem"}]}]