[{"@context":"https:\/\/schema.org\/","@type":"Article","@id":"https:\/\/www.alisen.cz\/prehlednost-a-presnost\/#Article","mainEntityOfPage":"https:\/\/www.alisen.cz\/prehlednost-a-presnost\/","headline":"P\u0159ehlednost a p\u0159esnost","name":"P\u0159ehlednost a p\u0159esnost","description":"Netu\u0161\u00edte, co to eurookna jsou? Nev\u00edte, co od nich m\u016f\u017eete o\u010dek\u00e1vat a jak\u00e9 v\u00fdhody maj\u00ed? Je na \u010dase se o t\u011bchto oknech, kter\u00e9 mohou prom\u011bnit va\u0161i dom\u00e1cnost \u010di pracovnu v ten nej\u00fatuln\u011bj\u0161\u00ed koutek, v\u0161e dozv\u011bd\u011bt. Jedn\u00e1 se o d\u0159ev\u011bn\u00e1 okna, kter\u00e1 pro v\u00e1s pe\u010dliv\u011b vyb\u00edr\u00e1me z nejaktu\u00e1ln\u011bj\u0161\u00edch novinek z oblasti okenn\u00ed techniky. Nab\u00edz\u00edme v\u00e1m ty [&hellip;]","datePublished":"2025-01-16","dateModified":"2025-01-16","author":{"@type":"Person","@id":"https:\/\/www.alisen.cz\/author\/#Person","name":"","url":"https:\/\/www.alisen.cz\/author\/","identifier":1,"image":{"@type":"ImageObject","@id":"https:\/\/secure.gravatar.com\/avatar\/d7705a23c50ede72936119380238a88bdeb91030521f9262dc3abc6fdd8add33?s=96&d=mm&r=g","url":"https:\/\/secure.gravatar.com\/avatar\/d7705a23c50ede72936119380238a88bdeb91030521f9262dc3abc6fdd8add33?s=96&d=mm&r=g","height":96,"width":96}},"publisher":{"@type":"Organization","name":"alisen.cz","logo":{"@type":"ImageObject","@id":"\/logo.png","url":"\/logo.png","width":600,"height":60}},"url":"https:\/\/www.alisen.cz\/prehlednost-a-presnost\/","wordCount":185,"articleBody":"Netu\u0161\u00edte, co to eurookna jsou? Nev\u00edte, co od nich m\u016f\u017eete o\u010dek\u00e1vat a jak\u00e9 v\u00fdhody maj\u00ed? Je na \u010dase se o t\u011bchto oknech, kter\u00e9 mohou prom\u011bnit va\u0161i dom\u00e1cnost \u010di pracovnu v ten nej\u00fatuln\u011bj\u0161\u00ed koutek, v\u0161e dozv\u011bd\u011bt. Jedn\u00e1 se o d\u0159ev\u011bn\u00e1 okna, kter\u00e1 pro v\u00e1s pe\u010dliv\u011b vyb\u00edr\u00e1me z nejaktu\u00e1ln\u011bj\u0161\u00edch novinek z oblasti okenn\u00ed techniky. Nab\u00edz\u00edme v\u00e1m ty nejlep\u0161\u00ed eurookna, kter\u00e1 pro v\u00e1s vyb\u00edraj\u00ed profesion\u00e1lov\u00e9. V\u0161echny produkty z na\u0161eho sortimentu pro\u0161ly n\u00e1ro\u010dn\u00fdmi testy, kter\u00e9 jen potvrdily jejich kvalitu, spolehlivost, trvanlivost a v\u00fddr\u017e. Vzhledem ke v\u0161em vlastnostem na\u0161\u00edch d\u0159ev\u011bn\u00fdch oken, nab\u00edz\u00edme produkty za bezkonkuren\u010dn\u00ed ceny. P\u0159ehlednost a p\u0159esnost Na na\u0161ich p\u0159ehledn\u00fdch str\u00e1nk\u00e1ch naleznete detailn\u00ed a p\u0159esn\u00fd popis ka\u017ed\u00e9ho produktu, kter\u00fd nab\u00edz\u00edme. Proto nev\u00e1hejte, a pus\u0165te se sm\u011ble do pro\u010d\u00edt\u00e1n\u00ed popis\u016f, eurookna v\u00e1m za to zajist\u00e9 stoj\u00ed.                                                                                                                                                                                                                                                                                                                                                                                                 "},{"@context":"https:\/\/schema.org\/","@type":"BreadcrumbList","itemListElement":[{"@type":"ListItem","position":1,"name":"P\u0159ehlednost a p\u0159esnost","item":"https:\/\/www.alisen.cz\/prehlednost-a-presnost\/#breadcrumbitem"}]}]