[{"@context":"https:\/\/schema.org\/","@type":"Article","@id":"https:\/\/www.alisen.cz\/pritel-nema-praci\/#Article","mainEntityOfPage":"https:\/\/www.alisen.cz\/pritel-nema-praci\/","headline":"P\u0159\u00edtel nem\u00e1 pr\u00e1ci","name":"P\u0159\u00edtel nem\u00e1 pr\u00e1ci","description":"P\u0159\u00edtel nebyl v pr\u00e1ci spokojen\u00fd, chodil v\u011b\u010dn\u011b unaven\u00fd, \u00fapln\u011b z\u0159\u00edcen\u00fd, a v\u011b\u010dn\u011b jen na\u0161tvan\u00fd. U\u017e je to 7 m\u011bs\u00edc\u016f, co je nezam\u011bstnan\u00fd. Nemohu ho dr\u017eet n\u011bkde, kde se mu nel\u00edb\u00ed, a tak respektuji jeho rozhodnut\u00ed o ukon\u010den\u00ed pracovn\u00edho pom\u011bru. Bohu\u017eel sehnat v dne\u0161n\u00ed dob\u011b pr\u00e1ci nen\u00ed lehk\u00e9 a jeliko\u017e jsem j\u00e1 sama byla p\u0159ed ned\u00e1vnem [&hellip;]","datePublished":"2024-05-16","dateModified":"2024-05-16","author":{"@type":"Person","@id":"https:\/\/www.alisen.cz\/author\/#Person","name":"","url":"https:\/\/www.alisen.cz\/author\/","identifier":1,"image":{"@type":"ImageObject","@id":"https:\/\/secure.gravatar.com\/avatar\/d7705a23c50ede72936119380238a88bdeb91030521f9262dc3abc6fdd8add33?s=96&d=mm&r=g","url":"https:\/\/secure.gravatar.com\/avatar\/d7705a23c50ede72936119380238a88bdeb91030521f9262dc3abc6fdd8add33?s=96&d=mm&r=g","height":96,"width":96}},"publisher":{"@type":"Organization","name":"alisen.cz","logo":{"@type":"ImageObject","@id":"\/logo.png","url":"\/logo.png","width":600,"height":60}},"image":{"@type":"ImageObject","@id":"https:\/\/www.alisen.cz\/wp-content\/uploads\/mathieu-stern-1zO4O3Z0UJA-unsplash.jpg","url":"https:\/\/www.alisen.cz\/wp-content\/uploads\/mathieu-stern-1zO4O3Z0UJA-unsplash.jpg","height":0,"width":0},"url":"https:\/\/www.alisen.cz\/pritel-nema-praci\/","about":["Finance"],"wordCount":452,"articleBody":"P\u0159\u00edtel nebyl v pr\u00e1ci spokojen\u00fd, chodil v\u011b\u010dn\u011b unaven\u00fd, \u00fapln\u011b z\u0159\u00edcen\u00fd, a v\u011b\u010dn\u011b jen na\u0161tvan\u00fd. U\u017e je to 7 m\u011bs\u00edc\u016f, co je nezam\u011bstnan\u00fd. Nemohu ho dr\u017eet n\u011bkde, kde se mu nel\u00edb\u00ed, a tak respektuji jeho rozhodnut\u00ed o ukon\u010den\u00ed pracovn\u00edho pom\u011bru. Bohu\u017eel sehnat v dne\u0161n\u00ed dob\u011b pr\u00e1ci nen\u00ed lehk\u00e9 a jeliko\u017e jsem j\u00e1 sama byla p\u0159ed ned\u00e1vnem skoro rok nezam\u011bstnan\u00e1, jeliko\u017e mi nebyla prodlou\u017eena smlouva a pr\u00e1ce se sh\u00e1n\u011bla t\u011b\u017eko, m\u00e1m pocit, \u017ee mu te\u010f n\u011bjak\u00fdm zp\u016fsobem dlu\u017e\u00edm to, co tenkr\u00e1t d\u011blal on pro m\u011b. To znamen\u00e1 placen\u00ed cel\u00e9ho n\u00e1jmu, u\u017eiven\u00ed n\u00e1s, benz\u00edn a tak d\u00e1le. Prost\u011b v\u00fddaje. P\u0159es to jsem ale v dob\u011b nezam\u011bstnanosti obstar\u00e1vala dom\u00e1cnost, n\u00e1kupy, a chodila dva m\u011bs\u00edce na brig\u00e1du. P\u0159\u00edtel ale doma neud\u011bl\u00e1 nic. Na brig\u00e1d\u011b byl za celou dobu t\u0159i dny, nedojde nakoupit, nic se mu nechce&#8230; Za m\u011b tenkr\u00e1t nem\u011bl \u017e\u00e1dn\u00e9 v\u00fddaje krom n\u00e1jmu, potravin. J\u00e1 ale za p\u0159\u00edtele spl\u00e1c\u00edm p\u016fj\u010dku, opravy aut, pojistku, n\u00e1jem, benz\u00edn, potraviny a jin\u00e9 dal\u0161\u00ed spl\u00e1tky co m\u00e1. J\u00e1 mu to neberu za zl\u00e9, sice \u017eijeme z ruky do huby, jak se \u0159\u00edk\u00e1, ale n\u011bjak se to zvl\u00e1dat mus\u00ed. Sp\u00ed\u0161 m\u011b mrz\u00ed \u017ee ani nepom\u016f\u017ee doma, nic. Jako by si dost nev\u00e1\u017eil v\u0161eho, co pro n\u011bj d\u011bl\u00e1m.\u00a0Od 5 hodin od r\u00e1na do 15:00 jsem v pr\u00e1ci, pak n\u00e1kup, uklidit, uva\u0159it a mohu j\u00edt sp\u00e1t. K \u010demu\u017e \u010dastokr\u00e1t poslouch\u00e1m, \u017ee je\u0161t\u011b otravuji \u017ee s n\u00edm chci tr\u00e1vit \u010das. Ch\u00e1pu \u017ee je b\u011b\u017en\u00e9 takto fungovat, ale kdy\u017e nem\u016f\u017ee p\u0159isp\u011bt finan\u010dn\u011b a je cel\u00e9 dny doma, m\u016f\u017ee p\u0159eci uklidit nebo doj\u00edt na n\u00e1kup, ob\u010das pod\u011bkovat za v\u0161e co pro n\u011bj d\u011bl\u00e1m&#8230;Spoustu m\u00fdch bl\u00edzk\u00fdch mi vy\u010detlo, co v\u0161e za p\u0159\u00edtele plat\u00edm a \u017ee jejich druh\u00e1 polovi\u010dka by pro n\u011b tohle nikdy neud\u011blala ale ani oni pro n\u00ed tak\u00e9 ne.\u00a0Ve\u010der jsem si s n\u00edm o tom promluvila, \u017ee chci jen sly\u0161et d\u00edky a ob\u010das s n\u011b\u010d\u00edm pomoci. \u0158ekla jsem mu, \u017ee jin\u00e1 \u017eena by se na n\u011bj po tom v\u0161em vyprdla. A v\u00edte, jak\u00e1 byla jeho reakce? On se mi jenom vysm\u00e1l, a to bylo v\u0161echno.\u00a0                                                                                                                                                                                                                                                                                                                                                                                        4.6\/5 - (7 votes)        "},{"@context":"https:\/\/schema.org\/","@type":"BreadcrumbList","itemListElement":[{"@type":"ListItem","position":1,"name":"P\u0159\u00edtel nem\u00e1 pr\u00e1ci","item":"https:\/\/www.alisen.cz\/pritel-nema-praci\/#breadcrumbitem"}]}]