[{"@context":"https:\/\/schema.org\/","@type":"Article","@id":"https:\/\/www.alisen.cz\/provedte-vase-pratele-po-kladne-a-doprejte-si-neco-za-odmenu\/#Article","mainEntityOfPage":"https:\/\/www.alisen.cz\/provedte-vase-pratele-po-kladne-a-doprejte-si-neco-za-odmenu\/","headline":"Prove\u010fte va\u0161e p\u0159\u00e1tele po Kladn\u011b a dop\u0159ejte si n\u011bco za odm\u011bnu","name":"Prove\u010fte va\u0161e p\u0159\u00e1tele po Kladn\u011b a dop\u0159ejte si n\u011bco za odm\u011bnu","description":"Bydl\u00edte v Kladn\u011b anebo v jeho bl\u00edzk\u00e9m okol\u00ed a zav\u00edtala k v\u00e1m mil\u00e1 n\u00e1v\u0161t\u011bva va\u0161ich p\u0159\u00edbuzn\u00fdch, kte\u0159\u00ed Kladno v\u016fbec neznaj\u00ed a cht\u011bli by se s n\u00edm bl\u00ed\u017ee sezn\u00e1mit? Pak byste jim mohli poslou\u017eit jako pr\u016fvodce a uk\u00e1zat jim ta nejzaj\u00edmav\u011bj\u0161\u00ed m\u00edsta ve m\u011bst\u011b. Kladensk\u00e1 p\u011b\u0161\u00ed z\u00f3na \u2013 o\u010dek\u00e1v\u00e1te-li, \u017ee se Klade\u0148\u00e1ci budou chlubit m\u011bstskou radnic\u00ed [&hellip;]","datePublished":"2024-05-10","dateModified":"2024-05-10","author":{"@type":"Person","@id":"https:\/\/www.alisen.cz\/author\/#Person","name":"","url":"https:\/\/www.alisen.cz\/author\/","identifier":1,"image":{"@type":"ImageObject","@id":"https:\/\/secure.gravatar.com\/avatar\/d7705a23c50ede72936119380238a88bdeb91030521f9262dc3abc6fdd8add33?s=96&d=mm&r=g","url":"https:\/\/secure.gravatar.com\/avatar\/d7705a23c50ede72936119380238a88bdeb91030521f9262dc3abc6fdd8add33?s=96&d=mm&r=g","height":96,"width":96}},"publisher":{"@type":"Organization","name":"alisen.cz","logo":{"@type":"ImageObject","@id":"\/logo.png","url":"\/logo.png","width":600,"height":60}},"image":{"@type":"ImageObject","@id":"https:\/\/www.alisen.cz\/wp-content\/uploads\/hair-4541783_640.jpg","url":"https:\/\/www.alisen.cz\/wp-content\/uploads\/hair-4541783_640.jpg","height":0,"width":0},"url":"https:\/\/www.alisen.cz\/provedte-vase-pratele-po-kladne-a-doprejte-si-neco-za-odmenu\/","about":["Byznys"],"wordCount":437,"articleBody":"          Bydl\u00edte v Kladn\u011b anebo v jeho bl\u00edzk\u00e9m okol\u00ed a zav\u00edtala k v\u00e1m mil\u00e1 n\u00e1v\u0161t\u011bva va\u0161ich p\u0159\u00edbuzn\u00fdch, kte\u0159\u00ed Kladno v\u016fbec neznaj\u00ed a cht\u011bli by se s n\u00edm bl\u00ed\u017ee sezn\u00e1mit? Pak byste jim mohli poslou\u017eit jako pr\u016fvodce a uk\u00e1zat jim ta nejzaj\u00edmav\u011bj\u0161\u00ed m\u00edsta ve m\u011bst\u011b.Kladensk\u00e1 p\u011b\u0161\u00ed z\u00f3na \u2013 o\u010dek\u00e1v\u00e1te-li, \u017ee se Klade\u0148\u00e1ci budou chlubit m\u011bstskou radnic\u00ed nebo komunistick\u00fdm kostelem Kokos na S\u00edtn\u00e9, pak jste vedle, a\u010dkoli jsou to dv\u011b v\u00fdznamn\u00e9 m\u011bstsk\u00e9 dominanty. Pro Kladno je toti\u017e typick\u00e1 p\u0159edev\u0161\u00edm p\u011b\u0161\u00ed z\u00f3na, vedouc\u00ed od n\u00e1m\u011bst\u00ed Svobody (b\u00fdval\u00e9ho Gottwal\u010f\u00e1ku) p\u0159es b\u00fdvalou cukr\u00e1rnu Diana a b\u00fdval\u00fd Gastronom a\u017e k n\u00e1m\u011bst\u00ed starosty Pavla a k autobusov\u00e9mu n\u00e1dra\u017e\u00ed.Ji\u017e za socialismu byla kladensk\u00e1 p\u011b\u0161\u00ed z\u00f3na centrem pro v\u011bt\u0161inu n\u00e1kup\u016f m\u00edstn\u00edch obyvatel i n\u00e1v\u0161t\u011bvn\u00edk\u016f Kladna. Tak\u017ee pokud tudy budete proch\u00e1zet, d\u00fdchne na v\u00e1s historie, kter\u00e1 sah\u00e1 a\u017e p\u0159ed prvn\u00ed sv\u011btovou v\u00e1lku. A budete-li m\u00edt n\u00e1ladu, dop\u0159ejte si za odm\u011bnu nov\u00fd sest\u0159ih v barber shopu v Kladn\u011b, p\u0159\u00edmo na p\u011b\u0161\u00ed z\u00f3n\u011b v jednom z dom\u016f, kter\u00e9 pat\u0159\u00ed v Kladn\u011b k nejv\u00fdznamn\u011bj\u0161\u00edm. Bude-li v barber shopu plno, m\u016f\u017eete se dohodnout, \u017ee p\u0159ijede kade\u0159n\u00edk za v\u00e1mi, toto se hod\u00ed zejm\u00e9na v situac\u00edch, kdy pl\u00e1nujete n\u011bjakou rodinnou oslavu, nap\u0159\u00edklad svatbu, a chcete, aby si kade\u0159n\u00edci pohr\u00e1li s vlasovou k\u0161tic\u00ed u v\u00edce \u00fa\u010dastn\u00edk\u016f oslavy.S novou vlasovou faz\u00f3nou se pak m\u016f\u017eete vydat do m\u00edst, kter\u00e1 Klade\u0148\u00e1ci nejrad\u011bji nav\u0161t\u011bvuj\u00ed ve voln\u00e9m \u010dase.Kladensk\u00e9 Sleti\u0161t\u011b \u2013 Kladno je jedn\u00edm z m\u00e1la m\u011bst v na\u0161\u00ed zemi, kter\u00e1 se mohou pochlubit m\u011bstskou zelen\u00ed po t\u00e9m\u011b\u0159 cel\u00e9m obvodu m\u011bsta. Proto je tu tak\u00e9 \u017eivot p\u0159\u00edjemn\u011bj\u0161\u00ed, ne\u017e jinde, nebo\u0165 sta\u010d\u00ed usednout na kolo, a za deset minut jste v hlubok\u00e9m lese.Kladno Bresson a Ostrovec \u2013 t\u00edm nejp\u016fsobiv\u011bj\u0161\u00edm lesem je P\u0159\u00edrodn\u00ed park D\u017eb\u00e1n v m\u011bstsk\u00fdch \u010d\u00e1stech Ostrovec a Bresson. A\u017e budete \u010derstv\u011b ost\u0159\u00edhan\u00ed a v\u00e1\u0161 sest\u0159ih bude odpov\u00eddat va\u0161im p\u0159edstav\u00e1m, odm\u011b\u0148te se tentokr\u00e1t proj\u00ed\u017e\u010fkou na kole v tamn\u00edm lesoparku za \u0160kroupovou ulic\u00ed, stoj\u00ed to za to.                                                                                                                                                                                                                                                                                                                                                                                          4.7\/5 - (6 votes)        "},{"@context":"https:\/\/schema.org\/","@type":"BreadcrumbList","itemListElement":[{"@type":"ListItem","position":1,"name":"Prove\u010fte va\u0161e p\u0159\u00e1tele po Kladn\u011b a dop\u0159ejte si n\u011bco za odm\u011bnu","item":"https:\/\/www.alisen.cz\/provedte-vase-pratele-po-kladne-a-doprejte-si-neco-za-odmenu\/#breadcrumbitem"}]}]