[{"@context":"https:\/\/schema.org\/","@type":"Article","@id":"https:\/\/www.alisen.cz\/razitko-patri-do-kancelare\/#Article","mainEntityOfPage":"https:\/\/www.alisen.cz\/razitko-patri-do-kancelare\/","headline":"Raz\u00edtko pat\u0159\u00ed do kancel\u00e1\u0159e","name":"Raz\u00edtko pat\u0159\u00ed do kancel\u00e1\u0159e","description":"Se\u0161\u00edva\u010dka, kancel\u00e1\u0159sk\u00e9 sponky, raz\u00edtka a dal\u0161\u00ed p\u0159edm\u011bty jsou ned\u00edlnou sou\u010d\u00e1st\u00ed ka\u017ed\u00e9ho dne v kancel\u00e1\u0159i. Pokud takov\u00e9 v\u011bci v kancel\u00e1\u0159i nem\u00e1te, tak jste zkr\u00e1tka bezradn\u00ed a jen t\u011b\u017eko se V\u00e1m Va\u0161e pr\u00e1ce bude vykon\u00e1vat. Pokud m\u00e1te v\u0161ak v pr\u00e1ci takov\u00e9 kolegy, kte\u0159\u00ed V\u00e1m v\u011b\u010dn\u011b berou Va\u0161e v\u011bci, tak s t\u00edm zame\u0165te. Firma raz\u00edtka Praha, V\u00e1m vyrob\u00ed [&hellip;]","datePublished":"2021-06-05","dateModified":"2021-06-05","author":{"@type":"Person","@id":"https:\/\/www.alisen.cz\/author\/#Person","name":"","url":"https:\/\/www.alisen.cz\/author\/","identifier":1,"image":{"@type":"ImageObject","@id":"https:\/\/secure.gravatar.com\/avatar\/d7705a23c50ede72936119380238a88bdeb91030521f9262dc3abc6fdd8add33?s=96&d=mm&r=g","url":"https:\/\/secure.gravatar.com\/avatar\/d7705a23c50ede72936119380238a88bdeb91030521f9262dc3abc6fdd8add33?s=96&d=mm&r=g","height":96,"width":96}},"publisher":{"@type":"Organization","name":"alisen.cz","logo":{"@type":"ImageObject","@id":"\/logo.png","url":"\/logo.png","width":600,"height":60}},"image":{"@type":"ImageObject","@id":"https:\/\/www.alisen.cz\/wp-content\/uploads\/Raz%C3%ADtka_2.jpg","url":"https:\/\/www.alisen.cz\/wp-content\/uploads\/Raz%C3%ADtka_2.jpg","height":0,"width":0},"url":"https:\/\/www.alisen.cz\/razitko-patri-do-kancelare\/","about":["Nakupov\u00e1n\u00ed"],"wordCount":430,"articleBody":"   Se\u0161\u00edva\u010dka, kancel\u00e1\u0159sk\u00e9 sponky, raz\u00edtka a dal\u0161\u00ed p\u0159edm\u011bty jsou ned\u00edlnou sou\u010d\u00e1st\u00ed ka\u017ed\u00e9ho dne v kancel\u00e1\u0159i. Pokud takov\u00e9 v\u011bci v kancel\u00e1\u0159i nem\u00e1te, tak jste zkr\u00e1tka bezradn\u00ed a jen t\u011b\u017eko se V\u00e1m Va\u0161e pr\u00e1ce bude vykon\u00e1vat. Pokud m\u00e1te v\u0161ak v pr\u00e1ci takov\u00e9 kolegy, kte\u0159\u00ed V\u00e1m v\u011b\u010dn\u011b berou Va\u0161e v\u011bci, tak s t\u00edm zame\u0165te. Firma raz\u00edtka Praha, V\u00e1m vyrob\u00ed raz\u00edtka na Va\u0161e p\u0159\u00e1n\u00ed a bude jen na V\u00e1s, jak\u00fd text si ur\u010d\u00edte, nebo kolik \u0159\u00e1dk\u016f raz\u00edtka budete cht\u00edt.Tato firma na raz\u00edtka p\u016fsob\u00ed na trhu u\u017e n\u011bjak\u00e9 roky a m\u00e1 s nimi ty nejlep\u0161\u00ed zku\u0161enosti. Z\u00e1kladem je u nich v\u017edy z\u00e1kazn\u00edk a d\u00edky tomu rozjeli tak\u00e9 v\u00fdrobu raz\u00edtek na po\u010dk\u00e1n\u00ed. B\u011bhem cel\u00e9ho dne je pr\u00e1ce a\u017e nad hlavu a ka\u017ed\u00e9mu z n\u00e1s se m\u016f\u017ee st\u00e1t, \u017ee zapomenete raz\u00edtko v kancel\u00e1\u0159i. V tomto p\u0159\u00edpad\u011b se m\u016f\u017eete obr\u00e1tit na rychlou volbu a ro na raz\u00edtko na po\u010dk\u00e1n\u00ed. V\u00fdroba raz\u00edtka zabere jen p\u00e1r minut a raz\u00edtka jsou vhodn\u00e1 i pro ostr\u00e9 kresby, \u010di fotografie. Jejich z\u00e1kladn\u00ed n\u00e1pl\u0148 p\u0159itom vydr\u017e\u00ed a\u017e 20 tis\u00edc otisk\u016f.Mezi dal\u0161\u00ed sortiment, kter\u00fd firma nab\u00edz\u00ed, jsou antibakteri\u00e1ln\u00ed raz\u00edtka, kter\u00e1 jsou speci\u00e1ln\u011b upraven\u00e1 pomoc\u00ed technologi\u00ed 3G Silver. D\u00edky tomuto o\u0161et\u0159en\u00ed se na raz\u00edtku nezanech\u00e1vaj\u00ed bakterie a viry a jsou proto po\u0159\u00e1d \u010dist\u00e1. V t\u00e9to dob\u011b jsou tyto raz\u00edtka v\u00edce, ne\u017e \u017e\u00e1dan\u00e1. Mezi dal\u0161\u00ed nev\u0161edn\u00ed raz\u00edtka pat\u0159\u00ed tak zvan\u00e1 raz\u00edtka kapesn\u00ed raz\u00edtka. Ty jsou o\u0161et\u0159eny speci\u00e1ln\u00edm krytem, kter\u00fd zabra\u0148uje necht\u011bn\u00e9 oti\u0161t\u011bn\u00ed. Jde o ide\u00e1ln\u00ed volbu na cesty, nebo na sch\u016fzky. Tud\u00ed\u017e sebou nebudete muset tahat velk\u00e9 raz\u00edtko z kancel\u00e1\u0159e.Mezi dal\u0161\u00ed v\u011bci, kter\u00e9 firma prod\u00e1v\u00e1, jsou vizitky. T\u011bmi se firma zab\u00fdv\u00e1 ji\u017e od roku 1992 a ka\u017ed\u00e1 jejich vizitka je origin\u00e1ln\u00ed. Doba \u010dek\u00e1n\u00ed je zde 2 dny nebo si m\u016f\u017eete p\u0159iplatit a budete m\u00edt vizitka na po\u010dk\u00e1n\u00ed.Pokud tedy sh\u00e1n\u00edte raz\u00edtka, nebo vizitky, tak se pod\u00edvejte na tuto osv\u011bd\u010denou firmu. Zaru\u010den\u011b nebudete litovat a kone\u010dn\u011b budete v kancel\u00e1\u0159i v\u0161ichni spokojeni.                                                                                                                                                                                                                                                                                                                                                                                         5\/5 - (1 vote)        "},{"@context":"https:\/\/schema.org\/","@type":"BreadcrumbList","itemListElement":[{"@type":"ListItem","position":1,"name":"Raz\u00edtko pat\u0159\u00ed do kancel\u00e1\u0159e","item":"https:\/\/www.alisen.cz\/razitko-patri-do-kancelare\/#breadcrumbitem"}]}]