[{"@context":"https:\/\/schema.org\/","@type":"Article","@id":"https:\/\/www.alisen.cz\/svitite-dokonale\/#Article","mainEntityOfPage":"https:\/\/www.alisen.cz\/svitite-dokonale\/","headline":"Sv\u00edt\u00edte dokonale?","name":"Sv\u00edt\u00edte dokonale?","description":"Dnes u\u017e se d\u00e1 sv\u00edtit lec\u010d\u00edm. Pomineme-li sv\u00ed\u010dky v\u00a0romantick\u00fdch chv\u00edl\u00edch, stalo se u\u017e sice minulost\u00ed osv\u011btlen\u00ed v\u00a0podob\u011b jak\u00e9hokoliv otev\u0159en\u00e9ho ohn\u011b, a to pro jeho neprakti\u010dnost a dost mo\u017en\u00e1 hlavn\u011b potenci\u00e1ln\u00ed nebezpe\u010dnost, a zrovna tak u\u017e jsou ty tam i klasick\u00e9 \u017e\u00e1rovky, je\u017e sice byly bezpe\u010dn\u011bj\u0161\u00ed, ov\u0161em pro zm\u011bnu p\u0159\u00edli\u0161 energeticky n\u00e1ro\u010dn\u00e9, ov\u0161em jinak se tu [&hellip;]","datePublished":"2019-03-17","dateModified":"2019-03-17","author":{"@type":"Person","@id":"https:\/\/www.alisen.cz\/author\/#Person","name":"","url":"https:\/\/www.alisen.cz\/author\/","identifier":1,"image":{"@type":"ImageObject","@id":"https:\/\/secure.gravatar.com\/avatar\/d7705a23c50ede72936119380238a88bdeb91030521f9262dc3abc6fdd8add33?s=96&d=mm&r=g","url":"https:\/\/secure.gravatar.com\/avatar\/d7705a23c50ede72936119380238a88bdeb91030521f9262dc3abc6fdd8add33?s=96&d=mm&r=g","height":96,"width":96}},"publisher":{"@type":"Organization","name":"alisen.cz","logo":{"@type":"ImageObject","@id":"\/logo.png","url":"\/logo.png","width":600,"height":60}},"image":{"@type":"ImageObject","@id":"https:\/\/www.alisen.cz\/wp-content\/uploads\/img_a340347_w2340_t1553268929.jpg","url":"https:\/\/www.alisen.cz\/wp-content\/uploads\/img_a340347_w2340_t1553268929.jpg","height":0,"width":0},"url":"https:\/\/www.alisen.cz\/svitite-dokonale\/","wordCount":437,"articleBody":"\tDnes u\u017e se d\u00e1 sv\u00edtit lec\u010d\u00edm. Pomineme-li sv\u00ed\u010dky v\u00a0romantick\u00fdch chv\u00edl\u00edch, stalo se u\u017e sice minulost\u00ed osv\u011btlen\u00ed v\u00a0podob\u011b jak\u00e9hokoliv otev\u0159en\u00e9ho ohn\u011b, a to pro jeho neprakti\u010dnost a dost mo\u017en\u00e1 hlavn\u011b potenci\u00e1ln\u00ed nebezpe\u010dnost, a zrovna tak u\u017e jsou ty tam i klasick\u00e9 \u017e\u00e1rovky, je\u017e sice byly bezpe\u010dn\u011bj\u0161\u00ed, ov\u0161em pro zm\u011bnu p\u0159\u00edli\u0161 energeticky n\u00e1ro\u010dn\u00e9, ov\u0161em jinak se tu nab\u00edz\u00ed r\u016fzn\u00fdch sv\u00edtidel st\u00e1le dost a dost.\tA dne\u0161n\u00ed modern\u00ed sv\u00edtidla u\u017e sk\u00fdtaj\u00ed lidem p\u0159\u00edmo netu\u0161en\u00e9 mo\u017enosti ve srovn\u00e1n\u00ed s\u00a0t\u00edm, co tu bylo t\u0159eba i je\u0161t\u011b p\u0159ed nemnoha lety. Nab\u00edz\u00ed se d\u00edky nim n\u00edzk\u00e1 spot\u0159eba elekt\u0159iny, dlouh\u00e1 \u017eivotnost, nen\u00e1ro\u010dnost na \u00fadr\u017ebu, r\u016fzn\u00e9 druhy vyd\u00e1van\u00e9ho sv\u011btla a tak d\u00e1le a tak d\u00e1le.\tV\u00a0obchodech je toho na pultech k\u00a0m\u00e1n\u00ed tolik, \u017ee u\u017e si je v\u011bru docela um\u011bn\u00ed vybrat. Tedy pokud si chce \u010dlov\u011bk vybrat spr\u00e1vn\u011b, pokud bezmy\u0161lenkovit\u011b nevezme jednodu\u0161e to prvn\u00ed, co mu tam p\u0159ijde pod ruku.\tA kdy\u017e si chce jeden sv\u00edtit skute\u010dn\u011b efektivn\u011b, s\u00e1z\u00ed zpravidla na LED technologii.\tLED technologie se v\u00a0dne\u0161n\u00ed dob\u011b st\u00e1v\u00e1 st\u00e1le popul\u00e1rn\u011bj\u0161\u00ed, a to nesporn\u011b pln\u00fdm pr\u00e1vem. Proto\u017ee takov\u00e9 LED \u017e\u00e1rovky nebo reflektory maj\u00ed modern\u00edm lidem dost co nab\u00eddnout. Jsou vhodn\u00e9 t\u0159eba pro\t1)\u00a0\u00a0\u00a0\u00a0\u00a0\u00a0\u00a0\u00a0\u00a0\u00a0\u00a0\u00a0\u00a0\u00a0\u00a0\u00a0\u00a0\u00a0\u00a0\u00a0\u00a0 osv\u011btlen\u00ed interi\u00e9r\u016f na stavb\u00e1ch v\u00a0noci\t2)\u00a0\u00a0\u00a0\u00a0\u00a0\u00a0\u00a0\u00a0\u00a0\u00a0\u00a0\u00a0\u00a0\u00a0\u00a0\u00a0\u00a0\u00a0\u00a0\u00a0\u00a0 osv\u011btlen\u00ed rozlehl\u00fdch stavebn\u00edch nebo skladovac\u00edch ploch\t3)\u00a0\u00a0\u00a0\u00a0\u00a0\u00a0\u00a0\u00a0\u00a0\u00a0\u00a0\u00a0\u00a0\u00a0\u00a0\u00a0\u00a0\u00a0\u00a0\u00a0\u00a0 pohybov\u00e9 sv\u011btlo v\u00a0gar\u00e1\u017e\u00edch u rodinn\u00fdch dom\u016f\t4)\u00a0\u00a0\u00a0\u00a0\u00a0\u00a0\u00a0\u00a0\u00a0\u00a0\u00a0\u00a0\u00a0\u00a0\u00a0\u00a0\u00a0\u00a0\u00a0\u00a0\u00a0 nebo osv\u011btlen\u00ed p\u0159i jak\u00fdchkoliv akc\u00edch konan\u00fdch pod \u0161ir\u00fdm nebem.\t\u010c\u00edm\u017e se tato technologie st\u00e1v\u00e1 st\u00e1le obl\u00edben\u011bj\u0161\u00ed a obl\u00edben\u011bj\u0161\u00ed. Zejm\u00e9na kdy\u017e se d\u00edky n\u00ed plat\u00ed podstatn\u011b m\u00e9n\u011b na \u00fa\u010dtech za spot\u0159ebovanou elekt\u0159inu. O tolik m\u00e9n\u011b, \u017ee se do LEDek vyplat\u00ed investovat. V\u017edy\u0165 pro\u010d by jeden platil v\u00edce, ne\u017e mus\u00ed, \u017ee? Zejm\u00e9na kdy\u017e je jist\u00e9, \u017ee budou energie i nad\u00e1le st\u00e1le dra\u017e\u0161\u00ed a dra\u017e\u0161\u00ed. Pro\u010d by n\u011bkdo s\u00e1zel na pochybn\u00e9 zastaral\u00e9 technologie, s\u00a0nimi\u017e za \u017e\u00e1dn\u00fdch okolnost\u00ed nelze dos\u00e1hnout tak skv\u011bl\u00fdch v\u00fdsledk\u016f? Kter\u00e9 jsou srovnateln\u00e9 jedin\u011b ve chv\u00edli, kdy ani to, ani ono nesv\u00edt\u00ed.\tT\u0159eba s\u00a0takov\u00fdm LED reflektorem 20w nem\u016f\u017ee b\u00fdt \u010dlov\u011bk nikdy nespokojen. To mi v\u011b\u0159te.                                                                                                                                                                                                                                                                                                                                                                                        5\/5 - (5 votes)        "},{"@context":"https:\/\/schema.org\/","@type":"BreadcrumbList","itemListElement":[{"@type":"ListItem","position":1,"name":"Sv\u00edt\u00edte dokonale?","item":"https:\/\/www.alisen.cz\/svitite-dokonale\/#breadcrumbitem"}]}]