[{"@context":"https:\/\/schema.org\/","@type":"Article","@id":"https:\/\/www.alisen.cz\/ubytovani-hory\/#Article","mainEntityOfPage":"https:\/\/www.alisen.cz\/ubytovani-hory\/","headline":"Ubytov\u00e1n\u00ed hory","name":"Ubytov\u00e1n\u00ed hory","description":"P\u0159ejete si za\u017e\u00edt nev\u0161edn\u00ed oslavu \u010di dovolenou? P\u0159ich\u00e1z\u00edme nab\u00eddkou ubytov\u00e1n\u00ed hory. Nab\u00edz\u00edme pron\u00e1jem horsk\u00e9ho ubytov\u00e1n\u00ed za p\u0159ijateln\u00e9 ceny. K tomu se na\u0161e destinace nach\u00e1z\u00ed pouze na \u00fazem\u00ed \u010cesk\u00e9 republiky, abychom byli osobn\u011b sezn\u00e1meni s okol\u00edm. Proto V\u00e1m nab\u00edz\u00edme pouze m\u00edsta, kde jsme si jisti, \u017ee se V\u00e1m bude l\u00edbit a bude V\u00e1m v\u0161e vyhovovat. Nev\u00edte, [&hellip;]","datePublished":"2024-12-26","dateModified":"2024-12-26","author":{"@type":"Person","@id":"https:\/\/www.alisen.cz\/author\/#Person","name":"","url":"https:\/\/www.alisen.cz\/author\/","identifier":1,"image":{"@type":"ImageObject","@id":"https:\/\/secure.gravatar.com\/avatar\/d7705a23c50ede72936119380238a88bdeb91030521f9262dc3abc6fdd8add33?s=96&d=mm&r=g","url":"https:\/\/secure.gravatar.com\/avatar\/d7705a23c50ede72936119380238a88bdeb91030521f9262dc3abc6fdd8add33?s=96&d=mm&r=g","height":96,"width":96}},"publisher":{"@type":"Organization","name":"alisen.cz","logo":{"@type":"ImageObject","@id":"\/logo.png","url":"\/logo.png","width":600,"height":60}},"url":"https:\/\/www.alisen.cz\/ubytovani-hory\/","wordCount":198,"articleBody":"P\u0159ejete si za\u017e\u00edt nev\u0161edn\u00ed oslavu \u010di dovolenou? P\u0159ich\u00e1z\u00edme nab\u00eddkou ubytov\u00e1n\u00ed hory. Nab\u00edz\u00edme pron\u00e1jem horsk\u00e9ho ubytov\u00e1n\u00ed za p\u0159ijateln\u00e9 ceny. K tomu se na\u0161e destinace nach\u00e1z\u00ed pouze na \u00fazem\u00ed \u010cesk\u00e9 republiky, abychom byli osobn\u011b sezn\u00e1meni s okol\u00edm. Proto V\u00e1m nab\u00edz\u00edme pouze m\u00edsta, kde jsme si jisti, \u017ee se V\u00e1m bude l\u00edbit a bude V\u00e1m v\u0161e vyhovovat. Nev\u00edte, p\u0159esn\u011b, co byste cht\u011bli? Napi\u0161te n\u00e1m \u010di zavolejte a my se V\u00e1m budeme sna\u017eit nab\u00eddnout p\u0159esn\u011b to, co si p\u0159ejete. R\u00e1di V\u00e1m se v\u0161\u00edm vyjdeme vst\u0159\u00edc. Douf\u00e1me, \u017ee si ur\u010dit\u011b vyberete z na\u0161\u00ed bohat\u00e9 nab\u00eddky a budete s n\u00e1mi na v\u00fdsost spokojeni, ubytov\u00e1n\u00ed hory. Nav\u0161tivte n\u00e1s T\u00edmto v\u00e1s srde\u010dn\u011b zveme, abyste si vybrali z na\u0161\u00ed bohat\u00e9 nab\u00eddky a u\u017eili si pr\u00e1v\u011b s n\u00e1mi kr\u00e1snou dovolenou \u010di v\u00fdlet. Ur\u010dit\u011b si n\u00e1s obl\u00edb\u00edte a r\u00e1di se budete vracet, ubytov\u00e1n\u00ed hory.                                                                                                                                                                                                                                                                                                                                                                                        4\/5 - (2 votes)        "},{"@context":"https:\/\/schema.org\/","@type":"BreadcrumbList","itemListElement":[{"@type":"ListItem","position":1,"name":"Ubytov\u00e1n\u00ed hory","item":"https:\/\/www.alisen.cz\/ubytovani-hory\/#breadcrumbitem"}]}]