[{"@context":"https:\/\/schema.org\/","@type":"Article","@id":"https:\/\/www.alisen.cz\/vyuzijte-moderni-styl\/#Article","mainEntityOfPage":"https:\/\/www.alisen.cz\/vyuzijte-moderni-styl\/","headline":"Vyu\u017eijte modern\u00ed styl","name":"Vyu\u017eijte modern\u00ed styl","description":"Modern\u00ed bydlen\u00ed je n\u011bco, co se v\u00a0dne\u0161n\u00ed dob\u011b neust\u00e1le propaguje. Ka\u017ed\u00fd chceme m\u00edt vymalov\u00e1no podle nejnov\u011bj\u0161\u00edho m\u00f3dn\u00edho \u010dasopisu. Trendy dom\u00e1cnosti p\u0159esn\u011b v\u00ed, jak na to, tak\u017ee se podle nich mus\u00edme \u0159\u00eddit, ale co tak\u00e9 na\u0161e vize? Kdysi jste m\u011bli n\u011bjakou p\u0159edstavu a podle n\u00ed jste si cht\u011bli utv\u00e1\u0159et v\u00e1\u0161 sv\u011bt? Tato p\u0159edstava u\u017e zanikla? Tehdy [&hellip;]","datePublished":"2024-11-03","dateModified":"2024-11-03","author":{"@type":"Person","@id":"https:\/\/www.alisen.cz\/author\/#Person","name":"","url":"https:\/\/www.alisen.cz\/author\/","identifier":1,"image":{"@type":"ImageObject","@id":"https:\/\/secure.gravatar.com\/avatar\/d7705a23c50ede72936119380238a88bdeb91030521f9262dc3abc6fdd8add33?s=96&d=mm&r=g","url":"https:\/\/secure.gravatar.com\/avatar\/d7705a23c50ede72936119380238a88bdeb91030521f9262dc3abc6fdd8add33?s=96&d=mm&r=g","height":96,"width":96}},"publisher":{"@type":"Organization","name":"alisen.cz","logo":{"@type":"ImageObject","@id":"\/logo.png","url":"\/logo.png","width":600,"height":60}},"url":"https:\/\/www.alisen.cz\/vyuzijte-moderni-styl\/","wordCount":252,"articleBody":"\tModern\u00ed bydlen\u00ed je n\u011bco, co se v\u00a0dne\u0161n\u00ed dob\u011b neust\u00e1le propaguje. Ka\u017ed\u00fd chceme m\u00edt vymalov\u00e1no podle nejnov\u011bj\u0161\u00edho m\u00f3dn\u00edho \u010dasopisu. Trendy dom\u00e1cnosti p\u0159esn\u011b v\u00ed, jak na to, tak\u017ee se podle nich mus\u00edme \u0159\u00eddit, ale co tak\u00e9 na\u0161e vize? Kdysi jste m\u011bli n\u011bjakou p\u0159edstavu a podle n\u00ed jste si cht\u011bli utv\u00e1\u0159et v\u00e1\u0161 sv\u011bt? Tato p\u0159edstava u\u017e zanikla? Tehdy to byly tapety s\u00a0kv\u00edtky \u010di lo\u017ee s\u00a0oblaky? N\u011bkter\u00e9 jsou samoz\u0159ejm\u011b p\u0159ehnan\u00e9, ale existuje v\u017edy v\u00a0na\u0161\u00ed mysli n\u011bjak\u00fd sen. Nebo se tato p\u0159edstava u\u017e prom\u011bnila v\u00a0modern\u00ed prvek, kter\u00fd jste n\u011b\u010d\u00edm nahradili m\u00edsto va\u0161ich d\u00e1vn\u00fdch sn\u016f? Ano vyu\u017e\u00edv\u00e1n\u00ed modern\u00edch v\u011bc\u00ed je samoz\u0159ejm\u011b dobr\u00e9, ale nem\u011blo by se to p\u0159eh\u00e1n\u011bt. N\u011bkter\u00e9 v\u011bci by m\u011bly z\u016fstat z\u0159ejm\u011b takov\u00e9, jak\u00e9 jsou.\tHod\u00ed se kamkolivJak na mal\u00e9 m\u011bsto, tak i pro nov\u00fd dome\u010dek s\u00a0velkou zahradou nebo jenom na maringotku. V\u0161ude se v\u00e1m bude hodit st\u0159e\u0161n\u00ed plechov\u00e1 krytina, kter\u00e1 v\u00e1m jednozna\u010dn\u011b uleh\u010d\u00ed ve\u0161kerou pr\u00e1ci, proto se tak\u00e9 tak hojn\u011b vyu\u017e\u00edv\u00e1. Zde m\u016f\u017ee z\u016fstat uchov\u00e1no to, co jste si kdysi p\u0159edstavovali. T\u0159eba barva, kter\u00e1 se d\u00e1 zm\u011bnit nebo cokoliv jin\u00e9ho. P\u0159edstava tak z\u016fstane ve va\u0161\u00ed mysli.                                                                                                                                                                                                                                                                                                                                                                                        2.7\/5 - (4 votes)        "},{"@context":"https:\/\/schema.org\/","@type":"BreadcrumbList","itemListElement":[{"@type":"ListItem","position":1,"name":"Vyu\u017eijte modern\u00ed styl","item":"https:\/\/www.alisen.cz\/vyuzijte-moderni-styl\/#breadcrumbitem"}]}]