[{"@context":"https:\/\/schema.org\/","@type":"Article","@id":"https:\/\/www.alisen.cz\/vzdelani-si-urcuje-kazdy-sam\/#Article","mainEntityOfPage":"https:\/\/www.alisen.cz\/vzdelani-si-urcuje-kazdy-sam\/","headline":"Vzd\u011bl\u00e1n\u00ed si ur\u010duje ka\u017ed\u00fd s\u00e1m","name":"Vzd\u011bl\u00e1n\u00ed si ur\u010duje ka\u017ed\u00fd s\u00e1m","description":"V \u017eivot\u011b si m\u016f\u017eeme zvolit svou vlastn\u00ed volbu, kterou chceme v \u017eivot\u011b j\u00edt. V \u017eivot\u011b ale nen\u00ed v\u016fbec snadn\u00e1 cesta, proto\u017ee \u017eivot n\u00e1m d\u00e1v\u00e1 prost\u011b \u00fapln\u011b r\u016fzn\u00e9 cesty, kter\u00e9 si hlavn\u011b my sami m\u016f\u017eeme zvolit, kter\u00e9 ovl\u00e1d\u00e1me a kter\u00e9 skute\u010dn\u011b chceme. \u017divot ale opravdu nen\u00ed proch\u00e1zka r\u016f\u017eov\u00fdm sadem, \u010dek\u00e1 n\u00e1s mnoho p\u0159ek\u00e1\u017eek, kter\u00e9 mus\u00edme zdol\u00e1vat [&hellip;]","datePublished":"2023-12-08","dateModified":"2023-12-08","author":{"@type":"Person","@id":"https:\/\/www.alisen.cz\/author\/#Person","name":"","url":"https:\/\/www.alisen.cz\/author\/","identifier":1,"image":{"@type":"ImageObject","@id":"https:\/\/secure.gravatar.com\/avatar\/d7705a23c50ede72936119380238a88bdeb91030521f9262dc3abc6fdd8add33?s=96&d=mm&r=g","url":"https:\/\/secure.gravatar.com\/avatar\/d7705a23c50ede72936119380238a88bdeb91030521f9262dc3abc6fdd8add33?s=96&d=mm&r=g","height":96,"width":96}},"publisher":{"@type":"Organization","name":"alisen.cz","logo":{"@type":"ImageObject","@id":"\/logo.png","url":"\/logo.png","width":600,"height":60}},"image":{"@type":"ImageObject","@id":"https:\/\/www.alisen.cz\/wp-content\/uploads\/telework-6795505_640_8.jpg","url":"https:\/\/www.alisen.cz\/wp-content\/uploads\/telework-6795505_640_8.jpg","height":0,"width":0},"url":"https:\/\/www.alisen.cz\/vzdelani-si-urcuje-kazdy-sam\/","about":["Vzd\u011bl\u00e1n\u00ed"],"wordCount":437,"articleBody":"V \u017eivot\u011b si m\u016f\u017eeme zvolit svou vlastn\u00ed volbu, kterou chceme v \u017eivot\u011b j\u00edt. V \u017eivot\u011b ale nen\u00ed v\u016fbec snadn\u00e1 cesta, proto\u017ee \u017eivot n\u00e1m d\u00e1v\u00e1 prost\u011b \u00fapln\u011b r\u016fzn\u00e9 cesty, kter\u00e9 si hlavn\u011b my sami m\u016f\u017eeme zvolit, kter\u00e9 ovl\u00e1d\u00e1me a kter\u00e9 skute\u010dn\u011b chceme. \u017divot ale opravdu nen\u00ed proch\u00e1zka r\u016f\u017eov\u00fdm sadem, \u010dek\u00e1 n\u00e1s mnoho p\u0159ek\u00e1\u017eek, kter\u00e9 mus\u00edme zdol\u00e1vat a sna\u017eit se o to, abychom se ve v\u0161em zlep\u0161ovali a abychom \u0161li tou spr\u00e1vnou cestou, kterou chceme j\u00edt. V \u017eivot\u011b to ale je velk\u00e1 s\u00edla. Hlavn\u011b to je o tom, kdy\u017e prost\u011b se chceme vzd\u011bl\u00e1vat, proto\u017ee n\u011bco n\u00e1m m\u016f\u017ee j\u00edt l\u00edp, n\u011bco h\u016f\u0159 a prost\u011b to takhle v \u017eivot\u011b chod\u00ed a my se s t\u00edm mus\u00edme sm\u00ed\u0159it. V \u017eivot\u011b bychom m\u011bli d\u011blat to, co n\u00e1s hlavn\u011b bav\u00ed, to, co je pro n\u00e1s nejd\u016fle\u017eit\u011bj\u0161\u00ed, a \u010d\u00edm bychom se cht\u011bli do budoucna zab\u00fdvat. Je pot\u0159eba, abychom d\u011blali to, co n\u00e1s skute\u010dn\u011b bude bavit, co n\u00e1s bude napl\u0148ovat, a s \u010d\u00edm budeme naprosto spokojen\u00ed a \u0161\u0165astn\u00ed. \u010c\u00edm v\u00edc budeme \u0161\u0165astn\u00ed a budeme spokojen\u00ed s t\u00edm, co d\u011bl\u00e1te, tak opravdu v\u011b\u0159te, \u017ee to je ta nejv\u011bt\u0161\u00ed radost, kter\u00e1 v\u00e1s v \u017eivot\u011b potk\u00e1. Je \u00fapln\u011b jedno, \u010d\u00edm jste vzd\u011blan\u00ed, zda m\u00e1te st\u0159edn\u00ed \u0161kolu, m\u00e1te vysokou \u0161kolu, i \u010dlov\u011bka bez st\u0159edn\u00ed \u0161koly m\u016f\u017ee prost\u011b n\u011bco bavit, nap\u0159\u00edklad, kdy\u017e je \u010dlov\u011bk pouze vyu\u010den\u00fd.Vyu\u010den\u00fd \u010dlov\u011bk opravdu m\u016f\u017ee b\u00fdt \u0161ikovn\u011bj\u0161\u00ed ne\u017e n\u011bjak\u00fd vysoko\u0161kol\u00e1k, a to v\u00e1\u017en\u011b takhle je. D\u00e1le pak t\u0159eba n\u011bjak\u00fd vysoko\u0161kol\u00e1k zase t\u0159eba nech\u00e1pe n\u011bkoho, kdo je vyu\u010den\u00fd, \u017ee se u\u017eiv\u00ed, ale v\u011b\u0159te, u\u017eiv\u00ed, proto\u017ee pokud je \u0161ikovn\u00fd, tak si najde pr\u00e1ci. \u017divot opravdu nen\u00ed jenom o tom, \u017ee budete d\u011blat r\u016fzn\u00e9 v\u011bci, kter\u00e9 v\u00e1s budou napl\u0148ovat, te\u010f budete vzd\u011blan\u00ed, budete m\u00edt vysokou \u0161kolu, a t\u0159eba nebudete ani v\u016fbec spokojeni, ale t\u0159eba ten vyu\u010den\u00fd \u010dlov\u011bk bude spokojen\u00fd v\u00edc ne\u017e ten vysoko\u0161kol\u00e1k. \u017divot je prost\u011b ve v\u0161em individu\u00e1ln\u00ed, tak\u017ee v\u011b\u0159te, \u017ee pokud opravdu p\u016fjdete za t\u00edm, co chcete, tak toho doc\u00edl\u00edte a m\u016f\u017eete b\u00fdt vzd\u011blan\u00ed, jakkoliv chcete.                                                                                                                                                                                                                                                                                                                                                                                        4.6\/5 - (9 votes)        "},{"@context":"https:\/\/schema.org\/","@type":"BreadcrumbList","itemListElement":[{"@type":"ListItem","position":1,"name":"Vzd\u011bl\u00e1n\u00ed si ur\u010duje ka\u017ed\u00fd s\u00e1m","item":"https:\/\/www.alisen.cz\/vzdelani-si-urcuje-kazdy-sam\/#breadcrumbitem"}]}]