[{"@context":"https:\/\/schema.org\/","@type":"Article","@id":"https:\/\/www.alisen.cz\/zatepleni-bytoveho-domu-svepomoci\/#Article","mainEntityOfPage":"https:\/\/www.alisen.cz\/zatepleni-bytoveho-domu-svepomoci\/","headline":"Zateplen\u00ed bytov\u00e9ho domu sv\u00e9pomoc\u00ed","name":"Zateplen\u00ed bytov\u00e9ho domu sv\u00e9pomoc\u00ed","description":"V\u00fdstavba bytov\u00fdch dom\u016f v \u010ceskoslovensku je pova\u017eov\u00e1na za jeden z ekonomick\u00fdch z\u00e1zrak\u016f t\u00e9 doby. Vezm\u011bme v potaz, \u017ee konec druh\u00e9 sv\u011btov\u00e9 v\u00e1lky p\u0159inesl v na\u0161\u00ed zemi mnoho destrukce p\u0159i osvobozov\u00e1n\u00ed zem\u011b a p\u0159i bombardov\u00e1n\u00ed spojeneck\u00fdmi letouny zejm\u00e9na pr\u016fmyslov\u00fdch podnik\u016f, co\u017e sice oslabilo s\u00edlu Wehrmachtu, ale mnohem v\u00edce \u0161kody to zp\u016fsobilo lidem v pov\u00e1le\u010dn\u00e9m \u010ceskoslovensku. I [&hellip;]","datePublished":"2024-06-10","dateModified":"2024-06-10","author":{"@type":"Person","@id":"https:\/\/www.alisen.cz\/author\/#Person","name":"","url":"https:\/\/www.alisen.cz\/author\/","identifier":1,"image":{"@type":"ImageObject","@id":"https:\/\/secure.gravatar.com\/avatar\/d7705a23c50ede72936119380238a88bdeb91030521f9262dc3abc6fdd8add33?s=96&d=mm&r=g","url":"https:\/\/secure.gravatar.com\/avatar\/d7705a23c50ede72936119380238a88bdeb91030521f9262dc3abc6fdd8add33?s=96&d=mm&r=g","height":96,"width":96}},"publisher":{"@type":"Organization","name":"alisen.cz","logo":{"@type":"ImageObject","@id":"\/logo.png","url":"\/logo.png","width":600,"height":60}},"image":{"@type":"ImageObject","@id":"https:\/\/www.alisen.cz\/wp-content\/uploads\/framework-2710841_640.jpg","url":"https:\/\/www.alisen.cz\/wp-content\/uploads\/framework-2710841_640.jpg","height":0,"width":0},"url":"https:\/\/www.alisen.cz\/zatepleni-bytoveho-domu-svepomoci\/","about":["Byznys"],"wordCount":403,"articleBody":"   V\u00fdstavba bytov\u00fdch dom\u016f v \u010ceskoslovensku je pova\u017eov\u00e1na za jeden z ekonomick\u00fdch z\u00e1zrak\u016f t\u00e9 doby. Vezm\u011bme v potaz, \u017ee konec druh\u00e9 sv\u011btov\u00e9 v\u00e1lky p\u0159inesl v na\u0161\u00ed zemi mnoho destrukce p\u0159i osvobozov\u00e1n\u00ed zem\u011b a p\u0159i bombardov\u00e1n\u00ed spojeneck\u00fdmi letouny zejm\u00e9na pr\u016fmyslov\u00fdch podnik\u016f, co\u017e sice oslabilo s\u00edlu Wehrmachtu, ale mnohem v\u00edce \u0161kody to zp\u016fsobilo lidem v pov\u00e1le\u010dn\u00e9m \u010ceskoslovensku. I p\u0159esto se u n\u00e1s za\u010daly stav\u011bt mosty, nov\u00e9 silnice, p\u0159ehrady a hlavn\u011b nov\u00e1 lidsk\u00e1 obydl\u00ed. N\u011bkte\u0159\u00ed lid\u00e9 kritizuj\u00ed jejich technick\u00fd stav a zastaral\u00e9 technologie, ale to, co lid\u00e9 tehdy dok\u00e1zali, t\u00edm se nem\u016f\u017ee pochlubit \u017e\u00e1dn\u00e1 sou\u010dasn\u00e1 stavebn\u00ed firma.Bu\u010fme tedy vd\u011b\u010dn\u00ed, \u017ee se v\u00fdstavba t\u011bchto objekt\u016f prov\u00e1d\u011bla, a \u017ee m\u00e1 v\u011bt\u0161ina lid\u00ed kde bydlet. V t\u00e9 dob\u011b pochopiteln\u011b nikdo ne\u0159e\u0161il n\u011bjak\u00e9 zateplov\u00e1n\u00ed a energetick\u00e9 \u0161t\u00edtky, ov\u0161em dnes je to jedna ze z\u00e1sadn\u00edch v\u011bc\u00ed, kter\u00e9 mus\u00ed m\u00edt obytn\u00e9 budovy k dispozici. V n\u011bkter\u00fdch bytov\u00fdch domech si jejich spoluvlastn\u00edci sjedn\u00e1vaj\u00ed zateplen\u00ed fas\u00e1dy na kl\u00ed\u010d, ale n\u011bkde prov\u00e1d\u00ed tyto stavebn\u00ed pr\u00e1ce sv\u00e9pomoc\u00ed. Posta\u010d\u00ed, pokud je n\u011bkdo z nich stavebn\u00ed technik a m\u00e1 o t\u00e9to \u010dinnosti pot\u0159ebn\u00fd p\u0159ehled. K zateplov\u00e1n\u00ed fas\u00e1dy je mimo jin\u00e9 zapot\u0159eb\u00ed i le\u0161en\u00ed. V\u00fdhodn\u00fd je zejm\u00e9na jeho kr\u00e1tkodob\u00fd pron\u00e1jem, vyplat\u00ed se rozhodn\u011b v\u00edc, ne\u017e koup\u011b le\u0161en\u00ed Rabas Group Rabas le\u0161en\u00ed. Pron\u00e1jmy stavebn\u00edho le\u0161en\u00ed jsou finan\u010dn\u011b v\u00fdhodn\u00e9 pro v\u011bt\u0161inu t\u011bchto akc\u00ed, a to v jak\u00e9koli ro\u010dn\u00ed dob\u011b a na del\u0161\u00ed \u010di krat\u0161\u00ed dobu.V\u00fdstavba le\u0161en\u00edPron\u00e1jem le\u0161en\u00ed lze realizovat tak, \u017ee si pro n\u011bj p\u0159ijedete, postav\u00edte jej, za\u010dnete jej vyu\u017e\u00edvat a po skon\u010den\u00ed prac\u00ed jej ze staveni\u0161t\u011b odvezete. Mnohem v\u00fdhodn\u011bj\u0161\u00ed je ov\u0161em v\u00fdstavba le\u0161en\u00ed od profesion\u00e1l\u016f, kte\u0159\u00ed se postaraj\u00ed o to, aby se nez\u0159\u00edtilo a n\u011bkoho neusmrtilo nebo t\u011b\u017ece zranilo. Le\u0161en\u00ed v\u00e1m firma, kter\u00e1 jej pronaj\u00edm\u00e1, postav\u00ed i v n\u00e1ro\u010dn\u00e9m ter\u00e9nu a postar\u00e1 se o jeho spr\u00e1vn\u00e9 a bezchybn\u00e9 ukotven\u00ed do zdiva.                                                                                                                                                                                                                                                                                                                                                                                          4.9\/5 - (9 votes)        "},{"@context":"https:\/\/schema.org\/","@type":"BreadcrumbList","itemListElement":[{"@type":"ListItem","position":1,"name":"Zateplen\u00ed bytov\u00e9ho domu sv\u00e9pomoc\u00ed","item":"https:\/\/www.alisen.cz\/zatepleni-bytoveho-domu-svepomoci\/#breadcrumbitem"}]}]