[{"@context":"https:\/\/schema.org\/","@type":"Article","@id":"https:\/\/www.alisen.cz\/zvirata-a-nemoci\/#Article","mainEntityOfPage":"https:\/\/www.alisen.cz\/zvirata-a-nemoci\/","headline":"Zv\u00ed\u0159ata a nemoci","name":"Zv\u00ed\u0159ata a nemoci","description":"M\u00e1te doma n\u011bjak\u00e9 zv\u00ed\u0159\u00e1tko? Dozv\u011bd\u011bla jsem se, \u017ee lid\u00e9, kte\u0159\u00ed maj\u00ed doma n\u011bjak\u00e9 zv\u00ed\u0159e, n\u011bjak\u00e9ho dom\u00e1c\u00edho mazl\u00ed\u010dka, tak jsou tak\u00e9\u00a0\u0161\u0165astn\u011bj\u0161\u00ed a o dvacet procent\u00a0zdrav\u011bj\u0161\u00ed. Ano, sly\u0161\u00edte\u00a0nebo \u010dtete spr\u00e1vn\u011b, jste zdrav\u011bj\u0161\u00ed.\u00a0I kdy\u017e mnoho lid\u00ed si mysl\u00ed, \u017ee kdy\u017e m\u00e1te doma n\u011bjak\u00e9 zv\u00ed\u0159e, \u017ee potom m\u016f\u017eete chytit n\u011bjakou nemoc anebo n\u011bjakou infekci \u010di astma anebo dokonce svrab. [&hellip;]","datePublished":"2023-11-30","dateModified":"2023-11-30","author":{"@type":"Person","@id":"https:\/\/www.alisen.cz\/author\/#Person","name":"","url":"https:\/\/www.alisen.cz\/author\/","identifier":1,"image":{"@type":"ImageObject","@id":"https:\/\/secure.gravatar.com\/avatar\/d7705a23c50ede72936119380238a88bdeb91030521f9262dc3abc6fdd8add33?s=96&d=mm&r=g","url":"https:\/\/secure.gravatar.com\/avatar\/d7705a23c50ede72936119380238a88bdeb91030521f9262dc3abc6fdd8add33?s=96&d=mm&r=g","height":96,"width":96}},"publisher":{"@type":"Organization","name":"alisen.cz","logo":{"@type":"ImageObject","@id":"\/logo.png","url":"\/logo.png","width":600,"height":60}},"image":{"@type":"ImageObject","@id":"https:\/\/www.alisen.cz\/wp-content\/uploads\/woman-7260514_1280.jpg","url":"https:\/\/www.alisen.cz\/wp-content\/uploads\/woman-7260514_1280.jpg","height":0,"width":0},"url":"https:\/\/www.alisen.cz\/zvirata-a-nemoci\/","about":["Zv\u00ed\u0159ata"],"wordCount":442,"articleBody":"M\u00e1te doma n\u011bjak\u00e9 zv\u00ed\u0159\u00e1tko? Dozv\u011bd\u011bla jsem se, \u017ee lid\u00e9, kte\u0159\u00ed maj\u00ed doma n\u011bjak\u00e9 zv\u00ed\u0159e, n\u011bjak\u00e9ho dom\u00e1c\u00edho mazl\u00ed\u010dka, tak jsou tak\u00e9\u00a0\u0161\u0165astn\u011bj\u0161\u00ed a o dvacet procent\u00a0zdrav\u011bj\u0161\u00ed. Ano, sly\u0161\u00edte\u00a0nebo \u010dtete spr\u00e1vn\u011b, jste zdrav\u011bj\u0161\u00ed.\u00a0I kdy\u017e mnoho lid\u00ed si mysl\u00ed, \u017ee kdy\u017e m\u00e1te doma n\u011bjak\u00e9 zv\u00ed\u0159e, \u017ee potom m\u016f\u017eete chytit n\u011bjakou nemoc anebo n\u011bjakou infekci \u010di astma anebo dokonce svrab. Nebo ekz\u00e9m. Tohle zmi\u0148uji hlavn\u011b kv\u016fli tomu, proto\u017ee tohle si pr\u00e1v\u011b mysl\u00ed moje babi\u010dka. Absolutn\u011b nech\u00e1pu, kde moje babi\u010dka na tohle p\u0159i\u0161la, \u017ee kdy\u017e t\u0159eba budu m\u00edt doma k\u0159e\u010dka nebo kr\u00e1l\u00edka, \u017ee chytnu\u00a0n\u011bjak\u00fd svrab anebo ekz\u00e9m. Samoz\u0159ejm\u011b, \u017ee kdy\u017e je \u010dlov\u011bk alergick\u00fd na n\u011bjakou srst anebo na n\u011bjak\u00e9 zv\u00ed\u0159e, tak je logick\u00e9, \u017ee potom to zv\u00ed\u0159e m\u00edt doma nem\u016f\u017ee. Jenom\u017ee kdy\u017e jste norm\u00e1ln\u011b zdrav\u00ed\u00a0a nejste na nic alergi\u010dt\u00ed., tak nech\u00e1pu, pro\u010d byste\u00a0z n\u011bjak\u00e9ho kr\u00e1l\u00edka nebo z k\u0159e\u010dka\u00a0m\u011bli n\u011bjakou vyr\u00e1\u017eku? To by to zv\u00ed\u0159e muselo b\u00fdt nemocn\u00e9. Ale kdy\u017e u\u017e m\u00e1te dom\u00e1c\u00edho mazl\u00ed\u010dka, tak samoz\u0159ejm\u011b s t\u00edm tak\u00e9 mus\u00edte chodit na n\u011bjak\u00e9 preventivn\u00ed prohl\u00eddky k veterin\u00e1\u0159i. Aby veterin\u00e1\u0159 se na zv\u00ed\u0159e pod\u00edval a kdyby potom na zv\u00ed\u0159eti na\u0161el n\u011bco podez\u0159el\u00e9ho, tak samoz\u0159ejm\u011b, \u017ee potom veterin\u00e1\u0159 va\u0161eho dom\u00e1c\u00edho mazl\u00ed\u010dka po\u0159\u00e1dn\u011b vyl\u00e9\u010d\u00ed. A vy\u00a0se potom nemus\u00edte b\u00e1t, \u017ee byste doma m\u011bli n\u011bco \u0161patn\u00e9ho, \u017ee byste\u00a0t\u0159eba od va\u0161eho zv\u00ed\u0159ec\u00edho mil\u00e1\u010dka, od va\u0161eho zv\u00ed\u0159\u00e1tka n\u011bco \u0161patn\u00e9ho chytli. T\u0159eba zm\u00edn\u011bn\u00fd svrab anebo n\u011bjakou vyr\u00e1\u017eku \u010di infekci.\u00a0Jednou m\u011b\u00a0po\u0161kr\u00e1bala ko\u010dka, je to asi deset\u00a0let zp\u00e1tky. A z\u00a0toho jsem m\u011bla opravdu velikou vyr\u00e1\u017eku. Ud\u011blala se mi takov\u00e1 velik\u00e1 mokvav\u00e1\u00a0plocha\u00a0na z\u00e1p\u011bst\u00ed. Opravdu hodn\u011b to bolelo. Trvalo potom dva\u00a0m\u011bs\u00edce, ne\u017e se mi to v\u0161echno vyl\u00e9\u010dilo. Ani do te\u010fka nev\u00edm, co to bylo, ale byl to samoz\u0159ejm\u011b z ko\u010di\u010d\u00edho \u0161kr\u00e1bnut\u00ed. Kdy\u017e se pod\u00edv\u00e1te na internet, tak ur\u010dit\u011b zjist\u00edte, \u017ee nemoc z ko\u010di\u010d\u00edho \u0161kr\u00e1bnut\u00ed opravdu existuje. A to je kv\u016fli tomu, kdy\u017e ko\u010dka m\u00e1 \u0161pinav\u00e9 dr\u00e1pky.\u00a0                                                                                                                                                                                                                                                                                                                                                                                        3.7\/5 - (6 votes)        "},{"@context":"https:\/\/schema.org\/","@type":"BreadcrumbList","itemListElement":[{"@type":"ListItem","position":1,"name":"Zv\u00ed\u0159ata a nemoci","item":"https:\/\/www.alisen.cz\/zvirata-a-nemoci\/#breadcrumbitem"}]}]